{"id":2181,"date":"2017-06-13T20:48:11","date_gmt":"2017-06-13T18:48:11","guid":{"rendered":"http:\/\/www.alberguecofradiadelsanto.com\/romeria-a-la-ermita-de-las-abejas\/"},"modified":"2017-06-13T20:48:11","modified_gmt":"2017-06-13T18:48:11","slug":"romeria-a-la-ermita-de-las-abejas","status":"publish","type":"post","link":"https:\/\/www.alberguecofradiadelsanto.com\/fr\/romeria-a-la-ermita-de-las-abejas\/","title":{"rendered":"ROMER\u00cdA A LA ERMITA DE LAS ABEJAS"},"content":{"rendered":"<p><span style=\"color: #000000;\">Cumpliendo la tradici\u00f3n, un a\u00f1o m\u00e1s la Cofrad\u00eda del Santo peregrina en romer\u00eda\u00a0a la ermita de Nuestra Se\u00f1ora de las \u00a0Abejas. Este pasado domingo los calceatenses ten\u00edamos una cita con una de las romer\u00edas m\u00e1s participativas y festivas de nuestra ciudad. Cientos de personas nos dimos cita para pasar un d\u00eda de campo en el entorno de la ermita, comiendo el t\u00edpico guiso de lentejas con oreja de lech\u00f3n, como recuerda la canci\u00f3n.<\/span><\/p>\n<p><span style=\"color: #000000;\">La Cofrad\u00eda hizo la entrada en procesi\u00f3n entonando el himno del Santo, para seguidamente celebrar la Eucarist\u00eda. La comida campestre en un d\u00eda de mucho calor se celebr\u00f3 en un ambiente festivo muy agradable.<\/span><\/p>\n<p>&nbsp;<\/p>","protected":false},"excerpt":{"rendered":"<p>Cumpliendo la tradici\u00f3n, un a\u00f1o m\u00e1s la Cofrad\u00eda del Santo peregrina en romer\u00eda\u00a0a la ermita de Nuestra Se\u00f1ora de las \u00a0Abejas. Este pasado domingo los calceatenses ten\u00edamos una cita con una de las romer\u00edas m\u00e1s participativas y festivas de nuestra ciudad. Cientos de personas nos dimos cita para pasar un d\u00eda de campo en el [&hellip;]<\/p>\n","protected":false},"author":2,"featured_media":0,"comment_status":"open","ping_status":"closed","sticky":false,"template":"","format":"standard","meta":{"footnotes":""},"categories":[23],"tags":[],"class_list":["post-2181","post","type-post","status-publish","format-standard","hentry","category-non-classifiee"],"_links":{"self":[{"href":"https:\/\/www.alberguecofradiadelsanto.com\/fr\/wp-json\/wp\/v2\/posts\/2181","targetHints":{"allow":["GET"]}}],"collection":[{"href":"https:\/\/www.alberguecofradiadelsanto.com\/fr\/wp-json\/wp\/v2\/posts"}],"about":[{"href":"https:\/\/www.alberguecofradiadelsanto.com\/fr\/wp-json\/wp\/v2\/types\/post"}],"author":[{"embeddable":true,"href":"https:\/\/www.alberguecofradiadelsanto.com\/fr\/wp-json\/wp\/v2\/users\/2"}],"replies":[{"embeddable":true,"href":"https:\/\/www.alberguecofradiadelsanto.com\/fr\/wp-json\/wp\/v2\/comments?post=2181"}],"version-history":[{"count":0,"href":"https:\/\/www.alberguecofradiadelsanto.com\/fr\/wp-json\/wp\/v2\/posts\/2181\/revisions"}],"wp:attachment":[{"href":"https:\/\/www.alberguecofradiadelsanto.com\/fr\/wp-json\/wp\/v2\/media?parent=2181"}],"wp:term":[{"taxonomy":"category","embeddable":true,"href":"https:\/\/www.alberguecofradiadelsanto.com\/fr\/wp-json\/wp\/v2\/categories?post=2181"},{"taxonomy":"post_tag","embeddable":true,"href":"https:\/\/www.alberguecofradiadelsanto.com\/fr\/wp-json\/wp\/v2\/tags?post=2181"}],"curies":[{"name":"wp","href":"https:\/\/api.w.org\/{rel}","templated":true}]}}