{"id":1784,"date":"2016-09-27T20:02:30","date_gmt":"2016-09-27T18:02:30","guid":{"rendered":"http:\/\/www.alberguecofradiadelsanto.com\/?p=1784"},"modified":"2016-09-27T20:05:52","modified_gmt":"2016-09-27T18:05:52","slug":"leyendas-del-camino-de-santiago","status":"publish","type":"post","link":"https:\/\/www.alberguecofradiadelsanto.com\/fr\/leyendas-del-camino-de-santiago\/","title":{"rendered":"LEYENDAS DEL CAMINO DE SANTIAGO"},"content":{"rendered":"<p><span style=\"color: #000000;\">A ra\u00edz de la exposici\u00f3n que \u00c1lvaro Mu\u00f1oz\u00a0ha puesto en el albergue sobre dibujos del Camino de Santiago, durante este tiempo de oto\u00f1o e invierno cuando las noticias de la Cofrad\u00eda y del albergue son escasas, iremos poniendo en esta secci\u00f3n de nuestra p\u00e1gina web la narraci\u00f3n de las m\u00e1s conocidas.<\/span><\/p>\n<p><span style=\"color: #000000;\">Tomadas de la p\u00e1gina www.rumbonatura.com\u00a0, las leyendas narran milagros y hechos relacionados con Santiago, as\u00ed como de peregrinos o acontecimientos acaecidos en lugares del recorrido jacobeo.<\/span><\/p>\n<p><span style=\"color: #000000;\">Muchos \u00a0peregrinos han recorrido ya por tierras europeas\u00a0diversas rutas que confluyen en Saint-Jean-Pied-de-Port, \u00faltimo pueblo en territorio franc\u00e9s antes de llegar a la frontera espa\u00f1ola. \u00a0Es a partir de los Pirineos cuando estos caminantes empiezan a encontrarse unos con otros en su andadura, en los albergues (hospitales de anta\u00f1o), en los monasterios, en las ventas o casas particulares que les dan posada, y en la propia ruta cuando hacen un alto para descansar o comer algo.<\/span><\/p>\n<p><span style=\"color: #000000;\">Desde la Edad Media hasta la \u00e9poca actual del siglo XXI estos encuentros han sido atractivos y en muchos casos el origen de una gran amistad. Siempre\u00a0se ha tenido por costumbre contarse los unos a los otros historias, experiencias propias, oraciones y leyendas, estas \u00faltimas apoyadas casi siempre en milagros realizados por el \u2018se\u00f1or Santiago, la Virgen u otros santos queridos y venerados en la Edad Media.<\/span><\/p>\n<p><span style=\"color: #000000;\">Las leyendas relacionadas con el Camino de Santiago llegaron a ser muy populares entre los peregrinos y divulgadas oralmente, casi siempre en reuniones nocturnas de despu\u00e9s de la cena, al amor de la lumbre en los d\u00edas fr\u00edos o bajo las estrellas en el buen tiempo. Muchas de esas leyendas est\u00e1n recogidas en c\u00f3dices de los monasterios, en el Codex Calixtinus \u00a0y en otros documentos. Al ser tomadas\u00a0de una tradici\u00f3n oral, en muchas de ellas se dan distintas versiones y m\u00e1s de una localidad reclama para s\u00ed el suceso del milagro.<\/span><\/p>\n<p><span style=\"color: #000000;\">Las m\u00e1s famosas y que se siguen contando entre los peregrinos del siglo XXI son las que\u00a0narraremos en pr\u00f3ximas ocasiones.<\/span><\/p>\n<p>&nbsp;<\/p>","protected":false},"excerpt":{"rendered":"<p>A ra\u00edz de la exposici\u00f3n que \u00c1lvaro Mu\u00f1oz\u00a0ha puesto en el albergue sobre dibujos del Camino de Santiago, durante este tiempo de oto\u00f1o e invierno cuando las noticias de la Cofrad\u00eda y del albergue son escasas, iremos poniendo en esta secci\u00f3n de nuestra p\u00e1gina web la narraci\u00f3n de las m\u00e1s conocidas. Tomadas de la p\u00e1gina [&hellip;]<\/p>\n","protected":false},"author":2,"featured_media":1785,"comment_status":"open","ping_status":"closed","sticky":false,"template":"","format":"standard","meta":{"footnotes":""},"categories":[1],"tags":[],"class_list":["post-1784","post","type-post","status-publish","format-standard","has-post-thumbnail","hentry","category-uncategorized"],"_links":{"self":[{"href":"https:\/\/www.alberguecofradiadelsanto.com\/fr\/wp-json\/wp\/v2\/posts\/1784","targetHints":{"allow":["GET"]}}],"collection":[{"href":"https:\/\/www.alberguecofradiadelsanto.com\/fr\/wp-json\/wp\/v2\/posts"}],"about":[{"href":"https:\/\/www.alberguecofradiadelsanto.com\/fr\/wp-json\/wp\/v2\/types\/post"}],"author":[{"embeddable":true,"href":"https:\/\/www.alberguecofradiadelsanto.com\/fr\/wp-json\/wp\/v2\/users\/2"}],"replies":[{"embeddable":true,"href":"https:\/\/www.alberguecofradiadelsanto.com\/fr\/wp-json\/wp\/v2\/comments?post=1784"}],"version-history":[{"count":4,"href":"https:\/\/www.alberguecofradiadelsanto.com\/fr\/wp-json\/wp\/v2\/posts\/1784\/revisions"}],"predecessor-version":[{"id":1789,"href":"https:\/\/www.alberguecofradiadelsanto.com\/fr\/wp-json\/wp\/v2\/posts\/1784\/revisions\/1789"}],"wp:featuredmedia":[{"embeddable":true,"href":"https:\/\/www.alberguecofradiadelsanto.com\/fr\/wp-json\/wp\/v2\/media\/1785"}],"wp:attachment":[{"href":"https:\/\/www.alberguecofradiadelsanto.com\/fr\/wp-json\/wp\/v2\/media?parent=1784"}],"wp:term":[{"taxonomy":"category","embeddable":true,"href":"https:\/\/www.alberguecofradiadelsanto.com\/fr\/wp-json\/wp\/v2\/categories?post=1784"},{"taxonomy":"post_tag","embeddable":true,"href":"https:\/\/www.alberguecofradiadelsanto.com\/fr\/wp-json\/wp\/v2\/tags?post=1784"}],"curies":[{"name":"wp","href":"https:\/\/api.w.org\/{rel}","templated":true}]}}