{"id":1772,"date":"2016-09-05T20:16:59","date_gmt":"2016-09-05T18:16:59","guid":{"rendered":"http:\/\/www.alberguecofradiadelsanto.com\/?p=1772"},"modified":"2016-09-05T20:18:41","modified_gmt":"2016-09-05T18:18:41","slug":"dibujos-en-el-camino","status":"publish","type":"post","link":"https:\/\/www.alberguecofradiadelsanto.com\/fr\/dibujos-en-el-camino\/","title":{"rendered":"DIBUJOS EN EL CAMINO"},"content":{"rendered":"<p><span style=\"color: #000000;\">El d\u00eda 3 de septiembre se inaugur\u00f3 en el sal\u00f3n de actos del albergue de peregrinos la exposici\u00f3n titulada \u00ab\u00a0DIBUJOS EN EL CAMINO\u00a0\u00bb que el\u00a0 artista local \u00c1lvaro Mu\u00f1\u00f3z Hern\u00e1ndez ha realizado sobre el Camino de Santiago.<\/span><\/p>\n<p><span style=\"color: #000000;\">Se trata de dibujos de monumentos e hitos fundamentales a lo largo del Camino, que ha amenizado con leyendas e historias antiguas que se relatan en muchos de los lugares por donde atraviesa el Camino Jacobeo.<\/span><\/p>\n<p><span style=\"color: #000000;\"><em>\u00ab\u00a0Para entender el significado del fen\u00f3meno del peregrinaje a Compostela, es necesario hacer un ejercicio de abstracci\u00f3n mental, situarse en la realidad geopol\u00edtica de aquel remoto a\u00f1o 813, cuando el pastor \/ ermita\u00f1o Pa\u00edo, hace el descubrimiento de la supuesta tumba del Ap\u00f3stol Santiago en una lejana aldea de Galicia, y marca el inicio de la leyenda y las peregrinaciones a este lugar desde todos los confines de Europa.\u00a0\u00bb<\/em><\/span><\/p>\n<p><span style=\"color: #000000;\">As\u00ed arranca la exposici\u00f3n que estar\u00e1 abierta hasta el 30 de septiembre en horario de 11 a 22 horas, con entrada libre.<\/span><\/p>\n<p><span style=\"color: #000000;\">Desde nuestra p\u00e1gina queremos agradecer a \u00c1lvaro su inter\u00e9s y maestr\u00eda que ha reflejado en este\u00a0trabajo, para dar a conocer al p\u00fablico en general la riqueza hist\u00f3rica y cultural que el Camino posee.<\/span><\/p>\n<p><a href=\"https:\/\/www.alberguecofradiadelsanto.com\/wp-content\/uploads\/2016\/09\/DSC00003-compressed.jpg\" data-rel=\"lightbox-image-0\" data-rl_title=\"\" data-rl_caption=\"\" title=\"\"><img loading=\"lazy\" decoding=\"async\" class=\" size-medium wp-image-1776 alignleft\" src=\"https:\/\/www.alberguecofradiadelsanto.com\/wp-content\/uploads\/2016\/09\/DSC00003-compressed-300x225.jpg\" alt=\"DSC00003-compressed\" width=\"300\" height=\"225\" srcset=\"https:\/\/www.alberguecofradiadelsanto.com\/wp-content\/uploads\/2016\/09\/DSC00003-compressed-300x225.jpg 300w, https:\/\/www.alberguecofradiadelsanto.com\/wp-content\/uploads\/2016\/09\/DSC00003-compressed-1024x768.jpg 1024w\" sizes=\"auto, (max-width: 300px) 100vw, 300px\" \/><\/a><a href=\"https:\/\/www.alberguecofradiadelsanto.com\/wp-content\/uploads\/2016\/09\/DSC00001-compressed.jpg\" data-rel=\"lightbox-image-1\" data-rl_title=\"\" data-rl_caption=\"\" title=\"\"><img loading=\"lazy\" decoding=\"async\" class=\" size-medium wp-image-1774 alignright\" src=\"https:\/\/www.alberguecofradiadelsanto.com\/wp-content\/uploads\/2016\/09\/DSC00001-compressed-300x225.jpg\" alt=\"DSC00001-compressed\" width=\"300\" height=\"225\" srcset=\"https:\/\/www.alberguecofradiadelsanto.com\/wp-content\/uploads\/2016\/09\/DSC00001-compressed-300x225.jpg 300w, https:\/\/www.alberguecofradiadelsanto.com\/wp-content\/uploads\/2016\/09\/DSC00001-compressed-1024x768.jpg 1024w\" sizes=\"auto, (max-width: 300px) 100vw, 300px\" \/><\/a><a href=\"https:\/\/www.alberguecofradiadelsanto.com\/wp-content\/uploads\/2016\/09\/DSC00004-compressed.jpg\" data-rel=\"lightbox-image-2\" data-rl_title=\"\" data-rl_caption=\"\" title=\"\"><img loading=\"lazy\" decoding=\"async\" class=\" size-medium wp-image-1777 alignleft\" src=\"https:\/\/www.alberguecofradiadelsanto.com\/wp-content\/uploads\/2016\/09\/DSC00004-compressed-300x225.jpg\" alt=\"DSC00004-compressed\" width=\"300\" height=\"225\" srcset=\"https:\/\/www.alberguecofradiadelsanto.com\/wp-content\/uploads\/2016\/09\/DSC00004-compressed-300x225.jpg 300w, https:\/\/www.alberguecofradiadelsanto.com\/wp-content\/uploads\/2016\/09\/DSC00004-compressed-1024x768.jpg 1024w\" sizes=\"auto, (max-width: 300px) 100vw, 300px\" \/><\/a><a href=\"https:\/\/www.alberguecofradiadelsanto.com\/wp-content\/uploads\/2016\/09\/DSC00005-compressed.jpg\" data-rel=\"lightbox-image-3\" data-rl_title=\"\" data-rl_caption=\"\" title=\"\"><img loading=\"lazy\" decoding=\"async\" class=\" size-medium wp-image-1778 alignright\" src=\"https:\/\/www.alberguecofradiadelsanto.com\/wp-content\/uploads\/2016\/09\/DSC00005-compressed-300x225.jpg\" alt=\"DSC00005-compressed\" width=\"300\" height=\"225\" srcset=\"https:\/\/www.alberguecofradiadelsanto.com\/wp-content\/uploads\/2016\/09\/DSC00005-compressed-300x225.jpg 300w, https:\/\/www.alberguecofradiadelsanto.com\/wp-content\/uploads\/2016\/09\/DSC00005-compressed-1024x768.jpg 1024w\" sizes=\"auto, (max-width: 300px) 100vw, 300px\" \/><\/a><a href=\"https:\/\/www.alberguecofradiadelsanto.com\/wp-content\/uploads\/2016\/09\/DSC00006-compressed.jpg\" data-rel=\"lightbox-image-4\" data-rl_title=\"\" data-rl_caption=\"\" title=\"\"><img loading=\"lazy\" decoding=\"async\" class=\" size-medium wp-image-1779 aligncenter\" src=\"https:\/\/www.alberguecofradiadelsanto.com\/wp-content\/uploads\/2016\/09\/DSC00006-compressed-300x225.jpg\" alt=\"DSC00006-compressed\" width=\"300\" height=\"225\" srcset=\"https:\/\/www.alberguecofradiadelsanto.com\/wp-content\/uploads\/2016\/09\/DSC00006-compressed-300x225.jpg 300w, https:\/\/www.alberguecofradiadelsanto.com\/wp-content\/uploads\/2016\/09\/DSC00006-compressed-1024x768.jpg 1024w\" sizes=\"auto, (max-width: 300px) 100vw, 300px\" \/><\/a><\/p>","protected":false},"excerpt":{"rendered":"<p>El d\u00eda 3 de septiembre se inaugur\u00f3 en el sal\u00f3n de actos del albergue de peregrinos la exposici\u00f3n titulada \u00ab\u00a0DIBUJOS EN EL CAMINO\u00a0\u00bb que el\u00a0 artista local \u00c1lvaro Mu\u00f1\u00f3z Hern\u00e1ndez ha realizado sobre el Camino de Santiago. Se trata de dibujos de monumentos e hitos fundamentales a lo largo del Camino, que ha amenizado con [&hellip;]<\/p>\n","protected":false},"author":2,"featured_media":1775,"comment_status":"open","ping_status":"closed","sticky":false,"template":"","format":"standard","meta":{"footnotes":""},"categories":[1],"tags":[],"class_list":["post-1772","post","type-post","status-publish","format-standard","has-post-thumbnail","hentry","category-uncategorized"],"_links":{"self":[{"href":"https:\/\/www.alberguecofradiadelsanto.com\/fr\/wp-json\/wp\/v2\/posts\/1772","targetHints":{"allow":["GET"]}}],"collection":[{"href":"https:\/\/www.alberguecofradiadelsanto.com\/fr\/wp-json\/wp\/v2\/posts"}],"about":[{"href":"https:\/\/www.alberguecofradiadelsanto.com\/fr\/wp-json\/wp\/v2\/types\/post"}],"author":[{"embeddable":true,"href":"https:\/\/www.alberguecofradiadelsanto.com\/fr\/wp-json\/wp\/v2\/users\/2"}],"replies":[{"embeddable":true,"href":"https:\/\/www.alberguecofradiadelsanto.com\/fr\/wp-json\/wp\/v2\/comments?post=1772"}],"version-history":[{"count":2,"href":"https:\/\/www.alberguecofradiadelsanto.com\/fr\/wp-json\/wp\/v2\/posts\/1772\/revisions"}],"predecessor-version":[{"id":1781,"href":"https:\/\/www.alberguecofradiadelsanto.com\/fr\/wp-json\/wp\/v2\/posts\/1772\/revisions\/1781"}],"wp:featuredmedia":[{"embeddable":true,"href":"https:\/\/www.alberguecofradiadelsanto.com\/fr\/wp-json\/wp\/v2\/media\/1775"}],"wp:attachment":[{"href":"https:\/\/www.alberguecofradiadelsanto.com\/fr\/wp-json\/wp\/v2\/media?parent=1772"}],"wp:term":[{"taxonomy":"category","embeddable":true,"href":"https:\/\/www.alberguecofradiadelsanto.com\/fr\/wp-json\/wp\/v2\/categories?post=1772"},{"taxonomy":"post_tag","embeddable":true,"href":"https:\/\/www.alberguecofradiadelsanto.com\/fr\/wp-json\/wp\/v2\/tags?post=1772"}],"curies":[{"name":"wp","href":"https:\/\/api.w.org\/{rel}","templated":true}]}}