{"id":1753,"date":"2016-08-17T11:48:37","date_gmt":"2016-08-17T09:48:37","guid":{"rendered":"http:\/\/www.alberguecofradiadelsanto.com\/?p=1753"},"modified":"2016-08-17T12:00:04","modified_gmt":"2016-08-17T10:00:04","slug":"premio-internacional-cultura-de-los-caminos-a-santiago","status":"publish","type":"post","link":"https:\/\/www.alberguecofradiadelsanto.com\/fr\/premio-internacional-cultura-de-los-caminos-a-santiago\/","title":{"rendered":"PREMIO INTERNACIONAL \u00ab\u00a0CULTURA DE LOS CAMINOS A SANTIAGO\u00a0\u00bb"},"content":{"rendered":"<p><span style=\"color: #000000;\">El pasado 5 de agosto se celebr\u00f3 la 5\u00aa edici\u00f3n de los premios internacionales \u00ab\u00a0Cultura de los Caminos a Santiago\u00a0\u00bb, donde la Cofrad\u00eda del Santo fue premiada por su labor de atenci\u00f3n a los peregrinos de m\u00e1s de 900 a\u00f1os.Los Priores, acompa\u00f1ados de miembros de la Cofrad\u00eda asistieron a Regueras de Abajo (Le\u00f3n).<\/span><\/p>\n<p><span style=\"color: #000000;\">\u00a0Los actos consistieron en una conferencia impartida por Jes\u00fas Arias Jato (Decano Hospitalero del Camino), la presentaci\u00f3n del libro \u00ab\u00a0El Demonio en la vida y en el Camino de Santiago\u00a0\u00bb a cargo de Pablo Arribas Briones y la entrega de una estatu\u00edlla con la imagen del peregrino Marcelino Lobato Castrillo (fundador del premio) que fue entregada a nuestra Cofrad\u00eda.<\/span><\/p>\n<p><span style=\"color: #000000;\">A los actos asisti\u00f3 numeroso p\u00fablico, resultando un acto ameno y espont\u00e1neo. Se hizo lectura de la Historia de esta Cofrad\u00eda y la descripci\u00f3n del albergue, quedando los asistentes impresionados por la antig\u00fcedad y el servicio a los peregrinos.<\/span><\/p>\n<p><a href=\"https:\/\/www.alberguecofradiadelsanto.com\/wp-content\/uploads\/2016\/08\/DSCF2288-compressed.jpg\" data-rel=\"lightbox-image-0\" data-rl_title=\"\" data-rl_caption=\"\" title=\"\"><img loading=\"lazy\" decoding=\"async\" class=\" size-medium wp-image-1755 alignleft\" src=\"https:\/\/www.alberguecofradiadelsanto.com\/wp-content\/uploads\/2016\/08\/DSCF2288-compressed-300x225.jpg\" alt=\"DSCF2288-compressed\" width=\"300\" height=\"225\" srcset=\"https:\/\/www.alberguecofradiadelsanto.com\/wp-content\/uploads\/2016\/08\/DSCF2288-compressed-300x225.jpg 300w, https:\/\/www.alberguecofradiadelsanto.com\/wp-content\/uploads\/2016\/08\/DSCF2288-compressed-1024x768.jpg 1024w\" sizes=\"auto, (max-width: 300px) 100vw, 300px\" \/><\/a><a href=\"https:\/\/www.alberguecofradiadelsanto.com\/wp-content\/uploads\/2016\/08\/DSCF2290-compressed.jpg\" data-rel=\"lightbox-image-1\" data-rl_title=\"\" data-rl_caption=\"\" title=\"\"><img loading=\"lazy\" decoding=\"async\" class=\" size-medium wp-image-1757 alignright\" src=\"https:\/\/www.alberguecofradiadelsanto.com\/wp-content\/uploads\/2016\/08\/DSCF2290-compressed-300x225.jpg\" alt=\"DSCF2290-compressed\" width=\"300\" height=\"225\" srcset=\"https:\/\/www.alberguecofradiadelsanto.com\/wp-content\/uploads\/2016\/08\/DSCF2290-compressed-300x225.jpg 300w, https:\/\/www.alberguecofradiadelsanto.com\/wp-content\/uploads\/2016\/08\/DSCF2290-compressed-1024x768.jpg 1024w\" sizes=\"auto, (max-width: 300px) 100vw, 300px\" \/><\/a><a href=\"https:\/\/www.alberguecofradiadelsanto.com\/wp-content\/uploads\/2016\/08\/DSCF2294-compressed.jpg\" data-rel=\"lightbox-image-2\" data-rl_title=\"\" data-rl_caption=\"\" title=\"\"><img loading=\"lazy\" decoding=\"async\" class=\" size-medium wp-image-1758 alignleft\" src=\"https:\/\/www.alberguecofradiadelsanto.com\/wp-content\/uploads\/2016\/08\/DSCF2294-compressed-300x225.jpg\" alt=\"DSCF2294-compressed\" width=\"300\" height=\"225\" srcset=\"https:\/\/www.alberguecofradiadelsanto.com\/wp-content\/uploads\/2016\/08\/DSCF2294-compressed-300x225.jpg 300w, https:\/\/www.alberguecofradiadelsanto.com\/wp-content\/uploads\/2016\/08\/DSCF2294-compressed-1024x768.jpg 1024w\" sizes=\"auto, (max-width: 300px) 100vw, 300px\" \/><\/a><a href=\"https:\/\/www.alberguecofradiadelsanto.com\/wp-content\/uploads\/2016\/08\/DSCF2283-compressed.jpg\" data-rel=\"lightbox-image-3\" data-rl_title=\"\" data-rl_caption=\"\" title=\"\"><img loading=\"lazy\" decoding=\"async\" class=\" size-medium wp-image-1756 alignright\" src=\"https:\/\/www.alberguecofradiadelsanto.com\/wp-content\/uploads\/2016\/08\/DSCF2283-compressed-225x300.jpg\" alt=\"DSCF2283-compressed\" width=\"225\" height=\"300\" srcset=\"https:\/\/www.alberguecofradiadelsanto.com\/wp-content\/uploads\/2016\/08\/DSCF2283-compressed-225x300.jpg 225w, https:\/\/www.alberguecofradiadelsanto.com\/wp-content\/uploads\/2016\/08\/DSCF2283-compressed-768x1024.jpg 768w\" sizes=\"auto, (max-width: 225px) 100vw, 225px\" \/><\/a><a href=\"https:\/\/www.alberguecofradiadelsanto.com\/wp-content\/uploads\/2016\/08\/Foto0019.jpg\" data-rel=\"lightbox-image-4\" data-rl_title=\"\" data-rl_caption=\"\" title=\"\"><img loading=\"lazy\" decoding=\"async\" class=\" size-medium wp-image-1761 alignleft\" src=\"https:\/\/www.alberguecofradiadelsanto.com\/wp-content\/uploads\/2016\/08\/Foto0019-225x300.jpg\" alt=\"Foto0019\" width=\"225\" height=\"300\" srcset=\"https:\/\/www.alberguecofradiadelsanto.com\/wp-content\/uploads\/2016\/08\/Foto0019-225x300.jpg 225w, https:\/\/www.alberguecofradiadelsanto.com\/wp-content\/uploads\/2016\/08\/Foto0019-768x1024.jpg 768w, https:\/\/www.alberguecofradiadelsanto.com\/wp-content\/uploads\/2016\/08\/Foto0019.jpg 1200w\" sizes=\"auto, (max-width: 225px) 100vw, 225px\" \/><\/a><\/p>","protected":false},"excerpt":{"rendered":"<p>El pasado 5 de agosto se celebr\u00f3 la 5\u00aa edici\u00f3n de los premios internacionales \u00ab\u00a0Cultura de los Caminos a Santiago\u00a0\u00bb, donde la Cofrad\u00eda del Santo fue premiada por su labor de atenci\u00f3n a los peregrinos de m\u00e1s de 900 a\u00f1os.Los Priores, acompa\u00f1ados de miembros de la Cofrad\u00eda asistieron a Regueras de Abajo (Le\u00f3n). \u00a0Los actos [&hellip;]<\/p>\n","protected":false},"author":2,"featured_media":1754,"comment_status":"open","ping_status":"closed","sticky":false,"template":"","format":"standard","meta":{"footnotes":""},"categories":[1],"tags":[],"class_list":["post-1753","post","type-post","status-publish","format-standard","has-post-thumbnail","hentry","category-uncategorized"],"_links":{"self":[{"href":"https:\/\/www.alberguecofradiadelsanto.com\/fr\/wp-json\/wp\/v2\/posts\/1753","targetHints":{"allow":["GET"]}}],"collection":[{"href":"https:\/\/www.alberguecofradiadelsanto.com\/fr\/wp-json\/wp\/v2\/posts"}],"about":[{"href":"https:\/\/www.alberguecofradiadelsanto.com\/fr\/wp-json\/wp\/v2\/types\/post"}],"author":[{"embeddable":true,"href":"https:\/\/www.alberguecofradiadelsanto.com\/fr\/wp-json\/wp\/v2\/users\/2"}],"replies":[{"embeddable":true,"href":"https:\/\/www.alberguecofradiadelsanto.com\/fr\/wp-json\/wp\/v2\/comments?post=1753"}],"version-history":[{"count":3,"href":"https:\/\/www.alberguecofradiadelsanto.com\/fr\/wp-json\/wp\/v2\/posts\/1753\/revisions"}],"predecessor-version":[{"id":1763,"href":"https:\/\/www.alberguecofradiadelsanto.com\/fr\/wp-json\/wp\/v2\/posts\/1753\/revisions\/1763"}],"wp:featuredmedia":[{"embeddable":true,"href":"https:\/\/www.alberguecofradiadelsanto.com\/fr\/wp-json\/wp\/v2\/media\/1754"}],"wp:attachment":[{"href":"https:\/\/www.alberguecofradiadelsanto.com\/fr\/wp-json\/wp\/v2\/media?parent=1753"}],"wp:term":[{"taxonomy":"category","embeddable":true,"href":"https:\/\/www.alberguecofradiadelsanto.com\/fr\/wp-json\/wp\/v2\/categories?post=1753"},{"taxonomy":"post_tag","embeddable":true,"href":"https:\/\/www.alberguecofradiadelsanto.com\/fr\/wp-json\/wp\/v2\/tags?post=1753"}],"curies":[{"name":"wp","href":"https:\/\/api.w.org\/{rel}","templated":true}]}}