{"id":1718,"date":"2016-07-21T21:15:15","date_gmt":"2016-07-21T19:15:15","guid":{"rendered":"http:\/\/www.alberguecofradiadelsanto.com\/?p=1718"},"modified":"2016-07-21T21:19:15","modified_gmt":"2016-07-21T19:19:15","slug":"se-prepara-la-fiesta-de-santiago","status":"publish","type":"post","link":"https:\/\/www.alberguecofradiadelsanto.com\/fr\/se-prepara-la-fiesta-de-santiago\/","title":{"rendered":"SE PREPARA LA FIESTA DE SANTIAGO"},"content":{"rendered":"<p><span style=\"color: #000000;\">Ya estamos preparando para el pr\u00f3ximo lunes la fiesta de los peregrinos. El 25 julio en el albergue de la Casa del Santo se celebrar\u00e1 por todo lo alto el d\u00eda de Santiago Ap\u00f3stol.<\/span><\/p>\n<p><span style=\"color: #000000;\">Ofreceremos para todos los peregrinos una comida t\u00edpica riojana, patatas con chorizo, regadas con generoso vino de La Rioja.<\/span><\/p>\n<p><span style=\"color: #000000;\">Y en la sobremesa contaremos con la actuaci\u00f3n de Salva Magnifics amenizando la tarde en el jard\u00edn del albergue.<\/span><\/p>\n<p><a href=\"https:\/\/www.alberguecofradiadelsanto.com\/wp-content\/uploads\/2016\/07\/34-compressed.jpg\" data-rel=\"lightbox-image-0\" data-rl_title=\"\" data-rl_caption=\"\" title=\"\"><img loading=\"lazy\" decoding=\"async\" class=\"aligncenter wp-image-1720 size-large\" src=\"https:\/\/www.alberguecofradiadelsanto.com\/wp-content\/uploads\/2016\/07\/34-compressed-1024x739.jpg\" alt=\"34-compressed\" width=\"620\" height=\"447\" srcset=\"https:\/\/www.alberguecofradiadelsanto.com\/wp-content\/uploads\/2016\/07\/34-compressed-1024x739.jpg 1024w, https:\/\/www.alberguecofradiadelsanto.com\/wp-content\/uploads\/2016\/07\/34-compressed-300x216.jpg 300w\" sizes=\"auto, (max-width: 620px) 100vw, 620px\" \/><\/a><\/p>","protected":false},"excerpt":{"rendered":"<p>Ya estamos preparando para el pr\u00f3ximo lunes la fiesta de los peregrinos. El 25 julio en el albergue de la Casa del Santo se celebrar\u00e1 por todo lo alto el d\u00eda de Santiago Ap\u00f3stol. Ofreceremos para todos los peregrinos una comida t\u00edpica riojana, patatas con chorizo, regadas con generoso vino de La Rioja. Y en [&hellip;]<\/p>\n","protected":false},"author":2,"featured_media":1719,"comment_status":"open","ping_status":"closed","sticky":false,"template":"","format":"standard","meta":{"footnotes":""},"categories":[1],"tags":[],"class_list":["post-1718","post","type-post","status-publish","format-standard","has-post-thumbnail","hentry","category-uncategorized"],"_links":{"self":[{"href":"https:\/\/www.alberguecofradiadelsanto.com\/fr\/wp-json\/wp\/v2\/posts\/1718","targetHints":{"allow":["GET"]}}],"collection":[{"href":"https:\/\/www.alberguecofradiadelsanto.com\/fr\/wp-json\/wp\/v2\/posts"}],"about":[{"href":"https:\/\/www.alberguecofradiadelsanto.com\/fr\/wp-json\/wp\/v2\/types\/post"}],"author":[{"embeddable":true,"href":"https:\/\/www.alberguecofradiadelsanto.com\/fr\/wp-json\/wp\/v2\/users\/2"}],"replies":[{"embeddable":true,"href":"https:\/\/www.alberguecofradiadelsanto.com\/fr\/wp-json\/wp\/v2\/comments?post=1718"}],"version-history":[{"count":2,"href":"https:\/\/www.alberguecofradiadelsanto.com\/fr\/wp-json\/wp\/v2\/posts\/1718\/revisions"}],"predecessor-version":[{"id":1722,"href":"https:\/\/www.alberguecofradiadelsanto.com\/fr\/wp-json\/wp\/v2\/posts\/1718\/revisions\/1722"}],"wp:featuredmedia":[{"embeddable":true,"href":"https:\/\/www.alberguecofradiadelsanto.com\/fr\/wp-json\/wp\/v2\/media\/1719"}],"wp:attachment":[{"href":"https:\/\/www.alberguecofradiadelsanto.com\/fr\/wp-json\/wp\/v2\/media?parent=1718"}],"wp:term":[{"taxonomy":"category","embeddable":true,"href":"https:\/\/www.alberguecofradiadelsanto.com\/fr\/wp-json\/wp\/v2\/categories?post=1718"},{"taxonomy":"post_tag","embeddable":true,"href":"https:\/\/www.alberguecofradiadelsanto.com\/fr\/wp-json\/wp\/v2\/tags?post=1718"}],"curies":[{"name":"wp","href":"https:\/\/api.w.org\/{rel}","templated":true}]}}