{"id":1707,"date":"2016-07-12T16:53:39","date_gmt":"2016-07-12T14:53:39","guid":{"rendered":"http:\/\/www.alberguecofradiadelsanto.com\/?p=1707"},"modified":"2016-07-12T16:53:39","modified_gmt":"2016-07-12T14:53:39","slug":"nuevas-literas","status":"publish","type":"post","link":"https:\/\/www.alberguecofradiadelsanto.com\/fr\/nuevas-literas\/","title":{"rendered":"NUEVAS LITERAS"},"content":{"rendered":"<p><span style=\"color: #000000;\">Desde hace pocos d\u00edas el albergue de peregrinos dispone de \u00a0literas nuevas en todas las habitaciones.\u00a0Era una demanda de muchos de los peregrinos que pernoctaban en nuestras instalaciones que\u00a0por fin ha sido posible atender.\u00a0<\/span><\/p>\n<p><span style=\"color: #000000;\">Las nuevas literas van a permitir un descanso m\u00e1s c\u00f3modo por su nula movilidad y ausencia de ruidos, adem\u00e1s de seguridad al disponer de barra lateral para evitar las ca\u00eddas.<\/span><\/p>\n<p><span style=\"color: #000000;\">As\u00ed, la comodidad de todos los acogidos, sigue siendo nuestro mayor\u00a0empe\u00f1o, porque entendemos que un descanso pl\u00e1cido es lo que m\u00e1s agradecen los peregrinos que pernoctan en el albergue.<\/span><\/p>\n<p><a href=\"https:\/\/www.alberguecofradiadelsanto.com\/wp-content\/uploads\/2016\/07\/DSCF2115-compressed.jpg\" data-rel=\"lightbox-image-0\" data-rl_title=\"\" data-rl_caption=\"\" title=\"\"><img loading=\"lazy\" decoding=\"async\" class=\" size-medium wp-image-1709 alignleft\" src=\"https:\/\/www.alberguecofradiadelsanto.com\/wp-content\/uploads\/2016\/07\/DSCF2115-compressed-300x225.jpg\" alt=\"DSCF2115-compressed\" width=\"300\" height=\"225\" srcset=\"https:\/\/www.alberguecofradiadelsanto.com\/wp-content\/uploads\/2016\/07\/DSCF2115-compressed-300x225.jpg 300w, https:\/\/www.alberguecofradiadelsanto.com\/wp-content\/uploads\/2016\/07\/DSCF2115-compressed-1024x768.jpg 1024w\" sizes=\"auto, (max-width: 300px) 100vw, 300px\" \/><\/a><a href=\"https:\/\/www.alberguecofradiadelsanto.com\/wp-content\/uploads\/2016\/07\/DSCF2116-compressed.jpg\" data-rel=\"lightbox-image-1\" data-rl_title=\"\" data-rl_caption=\"\" title=\"\"><img loading=\"lazy\" decoding=\"async\" class=\" size-medium wp-image-1710 alignright\" src=\"https:\/\/www.alberguecofradiadelsanto.com\/wp-content\/uploads\/2016\/07\/DSCF2116-compressed-300x225.jpg\" alt=\"DSCF2116-compressed\" width=\"300\" height=\"225\" srcset=\"https:\/\/www.alberguecofradiadelsanto.com\/wp-content\/uploads\/2016\/07\/DSCF2116-compressed-300x225.jpg 300w, https:\/\/www.alberguecofradiadelsanto.com\/wp-content\/uploads\/2016\/07\/DSCF2116-compressed-1024x768.jpg 1024w\" sizes=\"auto, (max-width: 300px) 100vw, 300px\" \/><\/a><a href=\"https:\/\/www.alberguecofradiadelsanto.com\/wp-content\/uploads\/2016\/07\/DSCF2118-compressed.jpg\" data-rel=\"lightbox-image-2\" data-rl_title=\"\" data-rl_caption=\"\" title=\"\"><img loading=\"lazy\" decoding=\"async\" class=\" size-medium wp-image-1711 alignleft\" src=\"https:\/\/www.alberguecofradiadelsanto.com\/wp-content\/uploads\/2016\/07\/DSCF2118-compressed-300x225.jpg\" alt=\"DSCF2118-compressed\" width=\"300\" height=\"225\" srcset=\"https:\/\/www.alberguecofradiadelsanto.com\/wp-content\/uploads\/2016\/07\/DSCF2118-compressed-300x225.jpg 300w, https:\/\/www.alberguecofradiadelsanto.com\/wp-content\/uploads\/2016\/07\/DSCF2118-compressed-1024x768.jpg 1024w\" sizes=\"auto, (max-width: 300px) 100vw, 300px\" \/><\/a><a href=\"https:\/\/www.alberguecofradiadelsanto.com\/wp-content\/uploads\/2016\/07\/DSCF2119-compressed.jpg\" data-rel=\"lightbox-image-3\" data-rl_title=\"\" data-rl_caption=\"\" title=\"\"><img loading=\"lazy\" decoding=\"async\" class=\" size-medium wp-image-1712 alignright\" src=\"https:\/\/www.alberguecofradiadelsanto.com\/wp-content\/uploads\/2016\/07\/DSCF2119-compressed-300x225.jpg\" alt=\"DSCF2119-compressed\" width=\"300\" height=\"225\" srcset=\"https:\/\/www.alberguecofradiadelsanto.com\/wp-content\/uploads\/2016\/07\/DSCF2119-compressed-300x225.jpg 300w, https:\/\/www.alberguecofradiadelsanto.com\/wp-content\/uploads\/2016\/07\/DSCF2119-compressed-1024x768.jpg 1024w\" sizes=\"auto, (max-width: 300px) 100vw, 300px\" \/><\/a><\/p>","protected":false},"excerpt":{"rendered":"<p>Desde hace pocos d\u00edas el albergue de peregrinos dispone de \u00a0literas nuevas en todas las habitaciones.\u00a0Era una demanda de muchos de los peregrinos que pernoctaban en nuestras instalaciones que\u00a0por fin ha sido posible atender.\u00a0 Las nuevas literas van a permitir un descanso m\u00e1s c\u00f3modo por su nula movilidad y ausencia de ruidos, adem\u00e1s de seguridad [&hellip;]<\/p>\n","protected":false},"author":2,"featured_media":1708,"comment_status":"open","ping_status":"closed","sticky":false,"template":"","format":"standard","meta":{"footnotes":""},"categories":[1],"tags":[],"class_list":["post-1707","post","type-post","status-publish","format-standard","has-post-thumbnail","hentry","category-uncategorized"],"_links":{"self":[{"href":"https:\/\/www.alberguecofradiadelsanto.com\/fr\/wp-json\/wp\/v2\/posts\/1707","targetHints":{"allow":["GET"]}}],"collection":[{"href":"https:\/\/www.alberguecofradiadelsanto.com\/fr\/wp-json\/wp\/v2\/posts"}],"about":[{"href":"https:\/\/www.alberguecofradiadelsanto.com\/fr\/wp-json\/wp\/v2\/types\/post"}],"author":[{"embeddable":true,"href":"https:\/\/www.alberguecofradiadelsanto.com\/fr\/wp-json\/wp\/v2\/users\/2"}],"replies":[{"embeddable":true,"href":"https:\/\/www.alberguecofradiadelsanto.com\/fr\/wp-json\/wp\/v2\/comments?post=1707"}],"version-history":[{"count":1,"href":"https:\/\/www.alberguecofradiadelsanto.com\/fr\/wp-json\/wp\/v2\/posts\/1707\/revisions"}],"predecessor-version":[{"id":1713,"href":"https:\/\/www.alberguecofradiadelsanto.com\/fr\/wp-json\/wp\/v2\/posts\/1707\/revisions\/1713"}],"wp:featuredmedia":[{"embeddable":true,"href":"https:\/\/www.alberguecofradiadelsanto.com\/fr\/wp-json\/wp\/v2\/media\/1708"}],"wp:attachment":[{"href":"https:\/\/www.alberguecofradiadelsanto.com\/fr\/wp-json\/wp\/v2\/media?parent=1707"}],"wp:term":[{"taxonomy":"category","embeddable":true,"href":"https:\/\/www.alberguecofradiadelsanto.com\/fr\/wp-json\/wp\/v2\/categories?post=1707"},{"taxonomy":"post_tag","embeddable":true,"href":"https:\/\/www.alberguecofradiadelsanto.com\/fr\/wp-json\/wp\/v2\/tags?post=1707"}],"curies":[{"name":"wp","href":"https:\/\/api.w.org\/{rel}","templated":true}]}}