{"id":1674,"date":"2016-06-22T08:17:05","date_gmt":"2016-06-22T06:17:05","guid":{"rendered":"http:\/\/www.alberguecofradiadelsanto.com\/?p=1674"},"modified":"2016-06-22T08:24:07","modified_gmt":"2016-06-22T06:24:07","slug":"concierto-de-la-rondalla-municipal-de-musica","status":"publish","type":"post","link":"https:\/\/www.alberguecofradiadelsanto.com\/fr\/concierto-de-la-rondalla-municipal-de-musica\/","title":{"rendered":"CONCIERTO DE LA RONDALLA DE LA ESCUELA MUNICIPAL DE M\u00daSICA"},"content":{"rendered":"<p><span style=\"color: #000000;\">La Rondalla de la Escuela de Municipal de M\u00fasica de Santo Domingo de la Calzada nos ofreci\u00f3 anoche un magn\u00edfico concierto en el sal\u00f3n de actos del albergue de peregrinos.<\/span><\/p>\n<p><span style=\"color: #000000;\">Dirigidos por Jordi Formoso, interpretaron conocidas piezas musicales que hicieron muy agradable la velada a los peregrinos y vecinos de la ciudad que llenaban el auditorio.<\/span><\/p>\n<p><a href=\"https:\/\/www.alberguecofradiadelsanto.com\/wp-content\/uploads\/2016\/06\/DSC00261-compressed.jpg\" data-rel=\"lightbox-image-0\" data-rl_title=\"\" data-rl_caption=\"\" title=\"\"><img loading=\"lazy\" decoding=\"async\" class=\" size-medium wp-image-1676 alignleft\" src=\"https:\/\/www.alberguecofradiadelsanto.com\/wp-content\/uploads\/2016\/06\/DSC00261-compressed-300x225.jpg\" alt=\"DSC00261-compressed\" width=\"300\" height=\"225\" srcset=\"https:\/\/www.alberguecofradiadelsanto.com\/wp-content\/uploads\/2016\/06\/DSC00261-compressed-300x225.jpg 300w, https:\/\/www.alberguecofradiadelsanto.com\/wp-content\/uploads\/2016\/06\/DSC00261-compressed-1024x768.jpg 1024w\" sizes=\"auto, (max-width: 300px) 100vw, 300px\" \/><\/a><a href=\"https:\/\/www.alberguecofradiadelsanto.com\/wp-content\/uploads\/2016\/06\/DSC00262-compressed.jpg\" data-rel=\"lightbox-image-1\" data-rl_title=\"\" data-rl_caption=\"\" title=\"\"><img loading=\"lazy\" decoding=\"async\" class=\" size-medium wp-image-1677 alignright\" src=\"https:\/\/www.alberguecofradiadelsanto.com\/wp-content\/uploads\/2016\/06\/DSC00262-compressed-300x225.jpg\" alt=\"DSC00262-compressed\" width=\"300\" height=\"225\" srcset=\"https:\/\/www.alberguecofradiadelsanto.com\/wp-content\/uploads\/2016\/06\/DSC00262-compressed-300x225.jpg 300w, https:\/\/www.alberguecofradiadelsanto.com\/wp-content\/uploads\/2016\/06\/DSC00262-compressed-1024x768.jpg 1024w\" sizes=\"auto, (max-width: 300px) 100vw, 300px\" \/><\/a><\/p>","protected":false},"excerpt":{"rendered":"<p>La Rondalla de la Escuela de Municipal de M\u00fasica de Santo Domingo de la Calzada nos ofreci\u00f3 anoche un magn\u00edfico concierto en el sal\u00f3n de actos del albergue de peregrinos. Dirigidos por Jordi Formoso, interpretaron conocidas piezas musicales que hicieron muy agradable la velada a los peregrinos y vecinos de la ciudad que llenaban el [&hellip;]<\/p>\n","protected":false},"author":2,"featured_media":1675,"comment_status":"open","ping_status":"closed","sticky":false,"template":"","format":"standard","meta":{"footnotes":""},"categories":[1],"tags":[],"class_list":["post-1674","post","type-post","status-publish","format-standard","has-post-thumbnail","hentry","category-uncategorized"],"_links":{"self":[{"href":"https:\/\/www.alberguecofradiadelsanto.com\/fr\/wp-json\/wp\/v2\/posts\/1674","targetHints":{"allow":["GET"]}}],"collection":[{"href":"https:\/\/www.alberguecofradiadelsanto.com\/fr\/wp-json\/wp\/v2\/posts"}],"about":[{"href":"https:\/\/www.alberguecofradiadelsanto.com\/fr\/wp-json\/wp\/v2\/types\/post"}],"author":[{"embeddable":true,"href":"https:\/\/www.alberguecofradiadelsanto.com\/fr\/wp-json\/wp\/v2\/users\/2"}],"replies":[{"embeddable":true,"href":"https:\/\/www.alberguecofradiadelsanto.com\/fr\/wp-json\/wp\/v2\/comments?post=1674"}],"version-history":[{"count":3,"href":"https:\/\/www.alberguecofradiadelsanto.com\/fr\/wp-json\/wp\/v2\/posts\/1674\/revisions"}],"predecessor-version":[{"id":1681,"href":"https:\/\/www.alberguecofradiadelsanto.com\/fr\/wp-json\/wp\/v2\/posts\/1674\/revisions\/1681"}],"wp:featuredmedia":[{"embeddable":true,"href":"https:\/\/www.alberguecofradiadelsanto.com\/fr\/wp-json\/wp\/v2\/media\/1675"}],"wp:attachment":[{"href":"https:\/\/www.alberguecofradiadelsanto.com\/fr\/wp-json\/wp\/v2\/media?parent=1674"}],"wp:term":[{"taxonomy":"category","embeddable":true,"href":"https:\/\/www.alberguecofradiadelsanto.com\/fr\/wp-json\/wp\/v2\/categories?post=1674"},{"taxonomy":"post_tag","embeddable":true,"href":"https:\/\/www.alberguecofradiadelsanto.com\/fr\/wp-json\/wp\/v2\/tags?post=1674"}],"curies":[{"name":"wp","href":"https:\/\/api.w.org\/{rel}","templated":true}]}}