{"id":1600,"date":"2016-05-13T23:31:56","date_gmt":"2016-05-13T21:31:56","guid":{"rendered":"http:\/\/www.alberguecofradiadelsanto.com\/?p=1600"},"modified":"2016-05-14T23:32:27","modified_gmt":"2016-05-14T21:32:27","slug":"cambio-de-cofradia","status":"publish","type":"post","link":"https:\/\/www.alberguecofradiadelsanto.com\/fr\/cambio-de-cofradia\/","title":{"rendered":"CAMBIO DE COFRAD\u00cdA"},"content":{"rendered":"<p><span style=\"color: #000000;\">El 13 de mayo es el d\u00eda en que el mandato de una Cofrad\u00eda llega a su fin y da el relevo a la nueva Cofrad\u00eda. As\u00ed los Priores Montserrat Mendy y Jos\u00e9 Ram\u00f3n Mendi han dado paso Raul Barqu\u00edn y a Mabel de Castro.<\/span><\/p>\n<p><a href=\"https:\/\/www.alberguecofradiadelsanto.com\/wp-content\/uploads\/2016\/05\/fiestas-mayo-santo-domingo-9.jpg\" data-rel=\"lightbox-image-0\" data-rl_title=\"\" data-rl_caption=\"\" title=\"\"><img loading=\"lazy\" decoding=\"async\" class=\" size-medium wp-image-1602 alignleft\" src=\"https:\/\/www.alberguecofradiadelsanto.com\/wp-content\/uploads\/2016\/05\/fiestas-mayo-santo-domingo-9-300x194.jpg\" alt=\"fiestas-mayo-santo-domingo (9)\" width=\"300\" height=\"194\" srcset=\"https:\/\/www.alberguecofradiadelsanto.com\/wp-content\/uploads\/2016\/05\/fiestas-mayo-santo-domingo-9-300x194.jpg 300w, https:\/\/www.alberguecofradiadelsanto.com\/wp-content\/uploads\/2016\/05\/fiestas-mayo-santo-domingo-9.jpg 1000w\" sizes=\"auto, (max-width: 300px) 100vw, 300px\" \/><\/a><a href=\"https:\/\/www.alberguecofradiadelsanto.com\/wp-content\/uploads\/2016\/05\/fiestas-mayo-santo-domingo-8.jpg\" data-rel=\"lightbox-image-1\" data-rl_title=\"\" data-rl_caption=\"\" title=\"\"><img loading=\"lazy\" decoding=\"async\" class=\" size-medium wp-image-1603 alignright\" src=\"https:\/\/www.alberguecofradiadelsanto.com\/wp-content\/uploads\/2016\/05\/fiestas-mayo-santo-domingo-8-300x200.jpg\" alt=\"fiestas-mayo-santo-domingo (8)\" width=\"300\" height=\"200\" srcset=\"https:\/\/www.alberguecofradiadelsanto.com\/wp-content\/uploads\/2016\/05\/fiestas-mayo-santo-domingo-8-300x200.jpg 300w, https:\/\/www.alberguecofradiadelsanto.com\/wp-content\/uploads\/2016\/05\/fiestas-mayo-santo-domingo-8.jpg 1000w\" sizes=\"auto, (max-width: 300px) 100vw, 300px\" \/><\/a><\/p>\n<p><span style=\"color: #000000;\">Tras el Cabildo y el nombramiento delos \u00a0nuevos\u00a0Cofrades y Hemanos del Santo la comitiva ha salido de la sede de la Cofrad\u00eda para dirigirse al domicilio del nuevo prior para dejarle en dep\u00f3sito el Cuadro del Santo y la caja de zinc que deber\u00e1 custodiar hasta el fin de su mandato.<\/span><\/p>\n<p><a href=\"https:\/\/www.alberguecofradiadelsanto.com\/wp-content\/uploads\/2016\/05\/fiestas-mayo-santo-domingo-4.jpg\" data-rel=\"lightbox-image-2\" data-rl_title=\"\" data-rl_caption=\"\" title=\"\"><img loading=\"lazy\" decoding=\"async\" class=\" size-medium wp-image-1604 alignleft\" src=\"https:\/\/www.alberguecofradiadelsanto.com\/wp-content\/uploads\/2016\/05\/fiestas-mayo-santo-domingo-4-300x200.jpg\" alt=\"fiestas-mayo-santo-domingo (4)\" width=\"300\" height=\"200\" srcset=\"https:\/\/www.alberguecofradiadelsanto.com\/wp-content\/uploads\/2016\/05\/fiestas-mayo-santo-domingo-4-300x200.jpg 300w, https:\/\/www.alberguecofradiadelsanto.com\/wp-content\/uploads\/2016\/05\/fiestas-mayo-santo-domingo-4.jpg 1000w\" sizes=\"auto, (max-width: 300px) 100vw, 300px\" \/><\/a><a href=\"https:\/\/www.alberguecofradiadelsanto.com\/wp-content\/uploads\/2016\/05\/DSC00240-compressed.jpg\" data-rel=\"lightbox-image-3\" data-rl_title=\"\" data-rl_caption=\"\" title=\"\"><img loading=\"lazy\" decoding=\"async\" class=\" size-medium wp-image-1605 alignright\" src=\"https:\/\/www.alberguecofradiadelsanto.com\/wp-content\/uploads\/2016\/05\/DSC00240-compressed-300x225.jpg\" alt=\"DSC00240-compressed\" width=\"300\" height=\"225\" srcset=\"https:\/\/www.alberguecofradiadelsanto.com\/wp-content\/uploads\/2016\/05\/DSC00240-compressed-300x225.jpg 300w, https:\/\/www.alberguecofradiadelsanto.com\/wp-content\/uploads\/2016\/05\/DSC00240-compressed-1024x768.jpg 1024w\" sizes=\"auto, (max-width: 300px) 100vw, 300px\" \/><\/a><a href=\"https:\/\/www.alberguecofradiadelsanto.com\/wp-content\/uploads\/2016\/05\/DSC00241-compressed.jpg\" data-rel=\"lightbox-image-4\" data-rl_title=\"\" data-rl_caption=\"\" title=\"\"><img loading=\"lazy\" decoding=\"async\" class=\" size-medium wp-image-1606 alignleft\" src=\"https:\/\/www.alberguecofradiadelsanto.com\/wp-content\/uploads\/2016\/05\/DSC00241-compressed-300x225.jpg\" alt=\"DSC00241-compressed\" width=\"300\" height=\"225\" srcset=\"https:\/\/www.alberguecofradiadelsanto.com\/wp-content\/uploads\/2016\/05\/DSC00241-compressed-300x225.jpg 300w, https:\/\/www.alberguecofradiadelsanto.com\/wp-content\/uploads\/2016\/05\/DSC00241-compressed-1024x768.jpg 1024w\" sizes=\"auto, (max-width: 300px) 100vw, 300px\" \/><\/a><a href=\"https:\/\/www.alberguecofradiadelsanto.com\/wp-content\/uploads\/2016\/05\/DSC00244-compressed.jpg\" data-rel=\"lightbox-image-5\" data-rl_title=\"\" data-rl_caption=\"\" title=\"\"><img loading=\"lazy\" decoding=\"async\" class=\" size-medium wp-image-1607 alignright\" src=\"https:\/\/www.alberguecofradiadelsanto.com\/wp-content\/uploads\/2016\/05\/DSC00244-compressed-300x225.jpg\" alt=\"DSC00244-compressed\" width=\"300\" height=\"225\" srcset=\"https:\/\/www.alberguecofradiadelsanto.com\/wp-content\/uploads\/2016\/05\/DSC00244-compressed-300x225.jpg 300w, https:\/\/www.alberguecofradiadelsanto.com\/wp-content\/uploads\/2016\/05\/DSC00244-compressed-1024x768.jpg 1024w\" sizes=\"auto, (max-width: 300px) 100vw, 300px\" \/><\/a><\/p>\n<p><span style=\"color: #000000;\">Como es costumbre la nueva Cofrad\u00eda ha obsequiado a todos los asistentes a la degustaci\u00f3n de queso y vino.<\/span><\/p>","protected":false},"excerpt":{"rendered":"<p>El 13 de mayo es el d\u00eda en que el mandato de una Cofrad\u00eda llega a su fin y da el relevo a la nueva Cofrad\u00eda. As\u00ed los Priores Montserrat Mendy y Jos\u00e9 Ram\u00f3n Mendi han dado paso Raul Barqu\u00edn y a Mabel de Castro. Tras el Cabildo y el nombramiento delos \u00a0nuevos\u00a0Cofrades y Hemanos [&hellip;]<\/p>\n","protected":false},"author":2,"featured_media":1601,"comment_status":"open","ping_status":"closed","sticky":false,"template":"","format":"standard","meta":{"footnotes":""},"categories":[1],"tags":[],"class_list":["post-1600","post","type-post","status-publish","format-standard","has-post-thumbnail","hentry","category-uncategorized"],"_links":{"self":[{"href":"https:\/\/www.alberguecofradiadelsanto.com\/fr\/wp-json\/wp\/v2\/posts\/1600","targetHints":{"allow":["GET"]}}],"collection":[{"href":"https:\/\/www.alberguecofradiadelsanto.com\/fr\/wp-json\/wp\/v2\/posts"}],"about":[{"href":"https:\/\/www.alberguecofradiadelsanto.com\/fr\/wp-json\/wp\/v2\/types\/post"}],"author":[{"embeddable":true,"href":"https:\/\/www.alberguecofradiadelsanto.com\/fr\/wp-json\/wp\/v2\/users\/2"}],"replies":[{"embeddable":true,"href":"https:\/\/www.alberguecofradiadelsanto.com\/fr\/wp-json\/wp\/v2\/comments?post=1600"}],"version-history":[{"count":1,"href":"https:\/\/www.alberguecofradiadelsanto.com\/fr\/wp-json\/wp\/v2\/posts\/1600\/revisions"}],"predecessor-version":[{"id":1608,"href":"https:\/\/www.alberguecofradiadelsanto.com\/fr\/wp-json\/wp\/v2\/posts\/1600\/revisions\/1608"}],"wp:featuredmedia":[{"embeddable":true,"href":"https:\/\/www.alberguecofradiadelsanto.com\/fr\/wp-json\/wp\/v2\/media\/1601"}],"wp:attachment":[{"href":"https:\/\/www.alberguecofradiadelsanto.com\/fr\/wp-json\/wp\/v2\/media?parent=1600"}],"wp:term":[{"taxonomy":"category","embeddable":true,"href":"https:\/\/www.alberguecofradiadelsanto.com\/fr\/wp-json\/wp\/v2\/categories?post=1600"},{"taxonomy":"post_tag","embeddable":true,"href":"https:\/\/www.alberguecofradiadelsanto.com\/fr\/wp-json\/wp\/v2\/tags?post=1600"}],"curies":[{"name":"wp","href":"https:\/\/api.w.org\/{rel}","templated":true}]}}