{"id":1577,"date":"2016-05-12T22:03:04","date_gmt":"2016-05-12T20:03:04","guid":{"rendered":"http:\/\/www.alberguecofradiadelsanto.com\/?p=1577"},"modified":"2016-05-12T22:03:04","modified_gmt":"2016-05-12T20:03:04","slug":"907-anos-despues","status":"publish","type":"post","link":"https:\/\/www.alberguecofradiadelsanto.com\/fr\/907-anos-despues\/","title":{"rendered":"907 A\u00d1OS DESPU\u00c9S"},"content":{"rendered":"<p><span style=\"color: #000000;\">Y lleg\u00f3 el d\u00eda grande de las fiestas. Tal d\u00eda como hoy en 1109 mor\u00eda, pero nac\u00eda para el Cielo, nuestro querido Patr\u00f3n Santo Domingo \u00ab\u00a0el de la Calzada\u00a0\u00bb.<\/span><\/p>\n<p><span style=\"color: #000000;\">A las 6 de la ma\u00f1ana se celebraba la Santa Misa en el sal\u00f3n de actos de la Casa de la Cofrad\u00eda, previa a la bendici\u00f3n y el reparto de los Caridad del Santo: garbanzos con acelga y carnero.<\/span><\/p>\n<p><a href=\"https:\/\/www.alberguecofradiadelsanto.com\/wp-content\/uploads\/2016\/05\/DSC00213-compressed.jpg\" data-rel=\"lightbox-image-0\" data-rl_title=\"\" data-rl_caption=\"\" title=\"\"><img loading=\"lazy\" decoding=\"async\" class=\" size-medium wp-image-1579 alignnone\" src=\"https:\/\/www.alberguecofradiadelsanto.com\/wp-content\/uploads\/2016\/05\/DSC00213-compressed-300x225.jpg\" alt=\"DSC00213-compressed\" width=\"300\" height=\"225\" srcset=\"https:\/\/www.alberguecofradiadelsanto.com\/wp-content\/uploads\/2016\/05\/DSC00213-compressed-300x225.jpg 300w, https:\/\/www.alberguecofradiadelsanto.com\/wp-content\/uploads\/2016\/05\/DSC00213-compressed-1024x768.jpg 1024w\" sizes=\"auto, (max-width: 300px) 100vw, 300px\" \/><\/a><a href=\"https:\/\/www.alberguecofradiadelsanto.com\/wp-content\/uploads\/2016\/05\/fiestas-12-de-mayo-23.jpg\" data-rel=\"lightbox-image-1\" data-rl_title=\"\" data-rl_caption=\"\" title=\"\"><img loading=\"lazy\" decoding=\"async\" class=\" size-medium wp-image-1580 alignnone\" src=\"https:\/\/www.alberguecofradiadelsanto.com\/wp-content\/uploads\/2016\/05\/fiestas-12-de-mayo-23-300x200.jpg\" alt=\"fiestas 12 de mayo-23\" width=\"300\" height=\"200\" srcset=\"https:\/\/www.alberguecofradiadelsanto.com\/wp-content\/uploads\/2016\/05\/fiestas-12-de-mayo-23-300x200.jpg 300w, https:\/\/www.alberguecofradiadelsanto.com\/wp-content\/uploads\/2016\/05\/fiestas-12-de-mayo-23.jpg 1000w\" sizes=\"auto, (max-width: 300px) 100vw, 300px\" \/><\/a><a href=\"https:\/\/www.alberguecofradiadelsanto.com\/wp-content\/uploads\/2016\/05\/fiestas-12-de-mayo-21.jpg\" data-rel=\"lightbox-image-2\" data-rl_title=\"\" data-rl_caption=\"\" title=\"\"><img loading=\"lazy\" decoding=\"async\" class=\" size-medium wp-image-1581 alignnone\" src=\"https:\/\/www.alberguecofradiadelsanto.com\/wp-content\/uploads\/2016\/05\/fiestas-12-de-mayo-21-300x241.jpg\" alt=\"fiestas 12 de mayo-21\" width=\"300\" height=\"241\" srcset=\"https:\/\/www.alberguecofradiadelsanto.com\/wp-content\/uploads\/2016\/05\/fiestas-12-de-mayo-21-300x241.jpg 300w, https:\/\/www.alberguecofradiadelsanto.com\/wp-content\/uploads\/2016\/05\/fiestas-12-de-mayo-21.jpg 1000w\" sizes=\"auto, (max-width: 300px) 100vw, 300px\" \/><\/a><a href=\"https:\/\/www.alberguecofradiadelsanto.com\/wp-content\/uploads\/2016\/05\/fiestas-12-de-mayo-19.jpg\" data-rel=\"lightbox-image-3\" data-rl_title=\"\" data-rl_caption=\"\" title=\"\"><img loading=\"lazy\" decoding=\"async\" class=\" size-medium wp-image-1582 alignnone\" src=\"https:\/\/www.alberguecofradiadelsanto.com\/wp-content\/uploads\/2016\/05\/fiestas-12-de-mayo-19-300x197.jpg\" alt=\"fiestas 12 de mayo-19\" width=\"300\" height=\"197\" srcset=\"https:\/\/www.alberguecofradiadelsanto.com\/wp-content\/uploads\/2016\/05\/fiestas-12-de-mayo-19-300x197.jpg 300w, https:\/\/www.alberguecofradiadelsanto.com\/wp-content\/uploads\/2016\/05\/fiestas-12-de-mayo-19.jpg 1000w\" sizes=\"auto, (max-width: 300px) 100vw, 300px\" \/><\/a><\/p>\n<p><span style=\"color: #000000;\">Pero el momento cumbre del d\u00eda cumbre, es la procesi\u00f3n con la imagen Santo Domingo. Aunque hab\u00eda llovido con anterioridad en el momento de la salida del Santo a la plaza que lleva su nombre, el cielo se abri\u00f3 y ha permanecido entre claros y nubes durante todo el recorrido.\u00a0<\/span><\/p>\n<p><span style=\"color: #000000;\">Como es habitual la multitud de devotos se agolpaba durante todo el recorrido, queriendo honrar al \u00ab\u00a0Santo Abuelito\u00a0\u00bb a la vez que \u00e9l nos bendec\u00eda sobre sus magnificas andas de plata.<\/span><\/p>\n<p><a href=\"https:\/\/www.alberguecofradiadelsanto.com\/wp-content\/uploads\/2016\/05\/fiestas-12-de-mayo-38.jpg\" data-rel=\"lightbox-image-4\" data-rl_title=\"\" data-rl_caption=\"\" title=\"\"><img loading=\"lazy\" decoding=\"async\" class=\" size-medium wp-image-1583 alignnone\" src=\"https:\/\/www.alberguecofradiadelsanto.com\/wp-content\/uploads\/2016\/05\/fiestas-12-de-mayo-38-300x200.jpg\" alt=\"fiestas 12 de mayo-38\" width=\"300\" height=\"200\" srcset=\"https:\/\/www.alberguecofradiadelsanto.com\/wp-content\/uploads\/2016\/05\/fiestas-12-de-mayo-38-300x200.jpg 300w, https:\/\/www.alberguecofradiadelsanto.com\/wp-content\/uploads\/2016\/05\/fiestas-12-de-mayo-38.jpg 1000w\" sizes=\"auto, (max-width: 300px) 100vw, 300px\" \/><\/a><a href=\"https:\/\/www.alberguecofradiadelsanto.com\/wp-content\/uploads\/2016\/05\/fiestas-12-de-mayo-61.jpg\" data-rel=\"lightbox-image-5\" data-rl_title=\"\" data-rl_caption=\"\" title=\"\"><img loading=\"lazy\" decoding=\"async\" class=\" size-medium wp-image-1584 alignnone\" src=\"https:\/\/www.alberguecofradiadelsanto.com\/wp-content\/uploads\/2016\/05\/fiestas-12-de-mayo-61-300x200.jpg\" alt=\"fiestas 12 de mayo-61\" width=\"300\" height=\"200\" srcset=\"https:\/\/www.alberguecofradiadelsanto.com\/wp-content\/uploads\/2016\/05\/fiestas-12-de-mayo-61-300x200.jpg 300w, https:\/\/www.alberguecofradiadelsanto.com\/wp-content\/uploads\/2016\/05\/fiestas-12-de-mayo-61.jpg 1000w\" sizes=\"auto, (max-width: 300px) 100vw, 300px\" \/><\/a><a href=\"https:\/\/www.alberguecofradiadelsanto.com\/wp-content\/uploads\/2016\/05\/portada-2.jpg\" data-rel=\"lightbox-image-6\" data-rl_title=\"\" data-rl_caption=\"\" title=\"\"><img loading=\"lazy\" decoding=\"async\" class=\" size-medium wp-image-1585 alignnone\" src=\"https:\/\/www.alberguecofradiadelsanto.com\/wp-content\/uploads\/2016\/05\/portada-2-300x200.jpg\" alt=\"portada 2\" width=\"300\" height=\"200\" srcset=\"https:\/\/www.alberguecofradiadelsanto.com\/wp-content\/uploads\/2016\/05\/portada-2-300x200.jpg 300w, https:\/\/www.alberguecofradiadelsanto.com\/wp-content\/uploads\/2016\/05\/portada-2-1024x683.jpg 1024w, https:\/\/www.alberguecofradiadelsanto.com\/wp-content\/uploads\/2016\/05\/portada-2.jpg 1350w\" sizes=\"auto, (max-width: 300px) 100vw, 300px\" \/><\/a><a href=\"https:\/\/www.alberguecofradiadelsanto.com\/wp-content\/uploads\/2016\/05\/DSC00220-compressed.jpg\" data-rel=\"lightbox-image-7\" data-rl_title=\"\" data-rl_caption=\"\" title=\"\"><img loading=\"lazy\" decoding=\"async\" class=\" size-medium wp-image-1586 alignnone\" src=\"https:\/\/www.alberguecofradiadelsanto.com\/wp-content\/uploads\/2016\/05\/DSC00220-compressed-300x225.jpg\" alt=\"DSC00220-compressed\" width=\"300\" height=\"225\" srcset=\"https:\/\/www.alberguecofradiadelsanto.com\/wp-content\/uploads\/2016\/05\/DSC00220-compressed-300x225.jpg 300w, https:\/\/www.alberguecofradiadelsanto.com\/wp-content\/uploads\/2016\/05\/DSC00220-compressed-1024x768.jpg 1024w\" sizes=\"auto, (max-width: 300px) 100vw, 300px\" \/><\/a><a href=\"https:\/\/www.alberguecofradiadelsanto.com\/wp-content\/uploads\/2016\/05\/DSC00223-compressed.jpg\" data-rel=\"lightbox-image-8\" data-rl_title=\"\" data-rl_caption=\"\" title=\"\"><img loading=\"lazy\" decoding=\"async\" class=\" size-medium wp-image-1587 alignnone\" src=\"https:\/\/www.alberguecofradiadelsanto.com\/wp-content\/uploads\/2016\/05\/DSC00223-compressed-288x300.jpg\" alt=\"DSC00223-compressed\" width=\"288\" height=\"300\" srcset=\"https:\/\/www.alberguecofradiadelsanto.com\/wp-content\/uploads\/2016\/05\/DSC00223-compressed-288x300.jpg 288w, https:\/\/www.alberguecofradiadelsanto.com\/wp-content\/uploads\/2016\/05\/DSC00223-compressed-981x1024.jpg 981w\" sizes=\"auto, (max-width: 288px) 100vw, 288px\" \/><\/a><a href=\"https:\/\/www.alberguecofradiadelsanto.com\/wp-content\/uploads\/2016\/05\/DSC00226-compressed.jpg\" data-rel=\"lightbox-image-9\" data-rl_title=\"\" data-rl_caption=\"\" title=\"\"><img loading=\"lazy\" decoding=\"async\" class=\" size-medium wp-image-1588 alignnone\" src=\"https:\/\/www.alberguecofradiadelsanto.com\/wp-content\/uploads\/2016\/05\/DSC00226-compressed-300x225.jpg\" alt=\"DSC00226-compressed\" width=\"300\" height=\"225\" srcset=\"https:\/\/www.alberguecofradiadelsanto.com\/wp-content\/uploads\/2016\/05\/DSC00226-compressed-300x225.jpg 300w, https:\/\/www.alberguecofradiadelsanto.com\/wp-content\/uploads\/2016\/05\/DSC00226-compressed-1024x768.jpg 1024w\" sizes=\"auto, (max-width: 300px) 100vw, 300px\" \/><\/a><a href=\"https:\/\/www.alberguecofradiadelsanto.com\/wp-content\/uploads\/2016\/05\/DSC00229-compressed.jpg\" data-rel=\"lightbox-image-10\" data-rl_title=\"\" data-rl_caption=\"\" title=\"\"><img loading=\"lazy\" decoding=\"async\" class=\" size-medium wp-image-1589 alignnone\" src=\"https:\/\/www.alberguecofradiadelsanto.com\/wp-content\/uploads\/2016\/05\/DSC00229-compressed-300x225.jpg\" alt=\"DSC00229-compressed\" width=\"300\" height=\"225\" srcset=\"https:\/\/www.alberguecofradiadelsanto.com\/wp-content\/uploads\/2016\/05\/DSC00229-compressed-300x225.jpg 300w, https:\/\/www.alberguecofradiadelsanto.com\/wp-content\/uploads\/2016\/05\/DSC00229-compressed-1024x768.jpg 1024w\" sizes=\"auto, (max-width: 300px) 100vw, 300px\" \/><\/a><\/p>\n<p><span style=\"color: #000000;\">ORACI\u00d3N A SANTO DOMINGO DE LA CALZADA, A\u00d1O JUBILAR DE LA MISERICORDIA 2016<\/span><\/p>\n<p><span style=\"color: #000000;\">Santo Domingo que, en la Calzada, tu vida fue una alabanza a Dios y un servicio a los hombres, en este A\u00f1o del Jubileo de la Misericordia, se T\u00fa nuestro modelo y patr\u00f3n para que en el camino de cada d\u00eda, T\u00fa que practicaste las obras de misericordia con los peregrinos del Camino, nos ayudes a vivir tu esp\u00edritu para con Dios, y con los hombres, practiquemos las Obras de Misericordia: preocuparnos del hambriento, del sediento, del necesitado, del desnudo y del enfermo. de los presos y de los muertos. Que ense\u00f1emos al que no sabe, demos consejo, correcci\u00f3n y perd\u00f3n, consuelo, tolerancia y paciencia, pidiendo a Dios por los vivos y los difuntos. Por Jesucristo Nuestro Se\u00f1or, am\u00e9n.<\/span><\/p>\n<p><span style=\"color: #000000;\">(del reverso de la estampa repartida este a\u00f1o)<\/span><\/p>","protected":false},"excerpt":{"rendered":"<p>Y lleg\u00f3 el d\u00eda grande de las fiestas. Tal d\u00eda como hoy en 1109 mor\u00eda, pero nac\u00eda para el Cielo, nuestro querido Patr\u00f3n Santo Domingo \u00ab\u00a0el de la Calzada\u00a0\u00bb. A las 6 de la ma\u00f1ana se celebraba la Santa Misa en el sal\u00f3n de actos de la Casa de la Cofrad\u00eda, previa a la bendici\u00f3n [&hellip;]<\/p>\n","protected":false},"author":2,"featured_media":1578,"comment_status":"open","ping_status":"closed","sticky":false,"template":"","format":"standard","meta":{"footnotes":""},"categories":[1],"tags":[],"class_list":["post-1577","post","type-post","status-publish","format-standard","has-post-thumbnail","hentry","category-uncategorized"],"_links":{"self":[{"href":"https:\/\/www.alberguecofradiadelsanto.com\/fr\/wp-json\/wp\/v2\/posts\/1577","targetHints":{"allow":["GET"]}}],"collection":[{"href":"https:\/\/www.alberguecofradiadelsanto.com\/fr\/wp-json\/wp\/v2\/posts"}],"about":[{"href":"https:\/\/www.alberguecofradiadelsanto.com\/fr\/wp-json\/wp\/v2\/types\/post"}],"author":[{"embeddable":true,"href":"https:\/\/www.alberguecofradiadelsanto.com\/fr\/wp-json\/wp\/v2\/users\/2"}],"replies":[{"embeddable":true,"href":"https:\/\/www.alberguecofradiadelsanto.com\/fr\/wp-json\/wp\/v2\/comments?post=1577"}],"version-history":[{"count":3,"href":"https:\/\/www.alberguecofradiadelsanto.com\/fr\/wp-json\/wp\/v2\/posts\/1577\/revisions"}],"predecessor-version":[{"id":1592,"href":"https:\/\/www.alberguecofradiadelsanto.com\/fr\/wp-json\/wp\/v2\/posts\/1577\/revisions\/1592"}],"wp:featuredmedia":[{"embeddable":true,"href":"https:\/\/www.alberguecofradiadelsanto.com\/fr\/wp-json\/wp\/v2\/media\/1578"}],"wp:attachment":[{"href":"https:\/\/www.alberguecofradiadelsanto.com\/fr\/wp-json\/wp\/v2\/media?parent=1577"}],"wp:term":[{"taxonomy":"category","embeddable":true,"href":"https:\/\/www.alberguecofradiadelsanto.com\/fr\/wp-json\/wp\/v2\/categories?post=1577"},{"taxonomy":"post_tag","embeddable":true,"href":"https:\/\/www.alberguecofradiadelsanto.com\/fr\/wp-json\/wp\/v2\/tags?post=1577"}],"curies":[{"name":"wp","href":"https:\/\/api.w.org\/{rel}","templated":true}]}}