{"id":1559,"date":"2016-05-11T23:44:52","date_gmt":"2016-05-11T21:44:52","guid":{"rendered":"http:\/\/www.alberguecofradiadelsanto.com\/?p=1559"},"modified":"2016-05-12T09:15:49","modified_gmt":"2016-05-12T07:15:49","slug":"dia-de-la-rueda-y-las-doncellas","status":"publish","type":"post","link":"https:\/\/www.alberguecofradiadelsanto.com\/fr\/dia-de-la-rueda-y-las-doncellas\/","title":{"rendered":"D\u00cdA DE LA RUEDA Y LAS DONCELLAS"},"content":{"rendered":"<p><span style=\"color: #000000;\">Comienza el d\u00eda con la misa que la Cofrad\u00eda celebra en la Ermita del Puente. La peque\u00f1a ermita, un a\u00f1o m\u00e1s, acoge esta tradicional misa muy entra\u00f1able para los calceatenses.<\/span><\/p>\n<p><a href=\"https:\/\/www.alberguecofradiadelsanto.com\/wp-content\/uploads\/2016\/05\/DSC00176-compressed.jpg\" data-rel=\"lightbox-image-0\" data-rl_title=\"\" data-rl_caption=\"\" title=\"\"><img loading=\"lazy\" decoding=\"async\" class=\" size-medium wp-image-1561 alignleft\" src=\"https:\/\/www.alberguecofradiadelsanto.com\/wp-content\/uploads\/2016\/05\/DSC00176-compressed-300x225.jpg\" alt=\"DSC00176-compressed\" width=\"300\" height=\"225\" srcset=\"https:\/\/www.alberguecofradiadelsanto.com\/wp-content\/uploads\/2016\/05\/DSC00176-compressed-300x225.jpg 300w, https:\/\/www.alberguecofradiadelsanto.com\/wp-content\/uploads\/2016\/05\/DSC00176-compressed-1024x768.jpg 1024w\" sizes=\"auto, (max-width: 300px) 100vw, 300px\" \/><\/a><a href=\"https:\/\/www.alberguecofradiadelsanto.com\/wp-content\/uploads\/2016\/05\/24.jpg\" data-rel=\"lightbox-image-1\" data-rl_title=\"\" data-rl_caption=\"\" title=\"\"><img loading=\"lazy\" decoding=\"async\" class=\" size-medium wp-image-1562 alignright\" src=\"https:\/\/www.alberguecofradiadelsanto.com\/wp-content\/uploads\/2016\/05\/24-300x200.jpg\" alt=\"24\" width=\"300\" height=\"200\" srcset=\"https:\/\/www.alberguecofradiadelsanto.com\/wp-content\/uploads\/2016\/05\/24-300x200.jpg 300w, https:\/\/www.alberguecofradiadelsanto.com\/wp-content\/uploads\/2016\/05\/24.jpg 1000w\" sizes=\"auto, (max-width: 300px) 100vw, 300px\" \/><\/a><\/p>\n<p><span style=\"color: #000000;\">En el Sal\u00f3n de las Doncellas de la Casa de la Cofrad\u00eda se expone al p\u00fablico en general la Mesa con la que los priores Montse y Jos\u00e9 Ram\u00f3n agasajan a las j\u00f3veness que un poco despu\u00e9s portar\u00e1n sobre sus cabezas el Pan del Santo, reflejando la caridad de nuestro querido Santo Domingo.<\/span><\/p>\n<p><span style=\"color: #000000;\">En efecto, vestidas de blanco y portando el t\u00edpico cesta\u00f1o las 18 Doncellas y la Doncella Mayor recorrieron las calles del casco hist\u00f3rico hasta el Hospital del Santo donde entregaron\u00a0el Pan a cada uno de los ancianos residentes. Acompa\u00f1ando a las Doncellas van dos asnos cargando con las viandas con las que esta pr\u00f3xima noche se guisar\u00e1 el Almuerzo del Santo, a saber: garbanzos, acelga, cebollas, perejil y como no, los carneros ya sacrificados que dar\u00e1n ese toque inconfundible al guiso.<\/span><\/p>\n<p><a href=\"https:\/\/www.alberguecofradiadelsanto.com\/wp-content\/uploads\/2016\/05\/32.jpg\" data-rel=\"lightbox-image-2\" data-rl_title=\"\" data-rl_caption=\"\" title=\"\"><img loading=\"lazy\" decoding=\"async\" class=\"alignnone size-medium wp-image-1563\" src=\"https:\/\/www.alberguecofradiadelsanto.com\/wp-content\/uploads\/2016\/05\/32-300x214.jpg\" alt=\"32\" width=\"300\" height=\"214\" srcset=\"https:\/\/www.alberguecofradiadelsanto.com\/wp-content\/uploads\/2016\/05\/32-300x214.jpg 300w, https:\/\/www.alberguecofradiadelsanto.com\/wp-content\/uploads\/2016\/05\/32.jpg 1000w\" sizes=\"auto, (max-width: 300px) 100vw, 300px\" \/><\/a><a href=\"https:\/\/www.alberguecofradiadelsanto.com\/wp-content\/uploads\/2016\/05\/58.jpg\" data-rel=\"lightbox-image-3\" data-rl_title=\"\" data-rl_caption=\"\" title=\"\"><img loading=\"lazy\" decoding=\"async\" class=\"alignnone size-medium wp-image-1564\" src=\"https:\/\/www.alberguecofradiadelsanto.com\/wp-content\/uploads\/2016\/05\/58-300x200.jpg\" alt=\"58\" width=\"300\" height=\"200\" srcset=\"https:\/\/www.alberguecofradiadelsanto.com\/wp-content\/uploads\/2016\/05\/58-300x200.jpg 300w, https:\/\/www.alberguecofradiadelsanto.com\/wp-content\/uploads\/2016\/05\/58.jpg 1000w\" sizes=\"auto, (max-width: 300px) 100vw, 300px\" \/><\/a><a href=\"https:\/\/www.alberguecofradiadelsanto.com\/wp-content\/uploads\/2016\/05\/DSC00186-compressed.jpg\" data-rel=\"lightbox-image-4\" data-rl_title=\"\" data-rl_caption=\"\" title=\"\"><img loading=\"lazy\" decoding=\"async\" class=\"alignnone size-medium wp-image-1565\" src=\"https:\/\/www.alberguecofradiadelsanto.com\/wp-content\/uploads\/2016\/05\/DSC00186-compressed-300x225.jpg\" alt=\"DSC00186-compressed\" width=\"300\" height=\"225\" srcset=\"https:\/\/www.alberguecofradiadelsanto.com\/wp-content\/uploads\/2016\/05\/DSC00186-compressed-300x225.jpg 300w, https:\/\/www.alberguecofradiadelsanto.com\/wp-content\/uploads\/2016\/05\/DSC00186-compressed-1024x768.jpg 1024w\" sizes=\"auto, (max-width: 300px) 100vw, 300px\" \/><\/a><a href=\"https:\/\/www.alberguecofradiadelsanto.com\/wp-content\/uploads\/2016\/05\/DSC00190-compressed.jpg\" data-rel=\"lightbox-image-5\" data-rl_title=\"\" data-rl_caption=\"\" title=\"\"><img loading=\"lazy\" decoding=\"async\" class=\"alignnone size-medium wp-image-1566\" src=\"https:\/\/www.alberguecofradiadelsanto.com\/wp-content\/uploads\/2016\/05\/DSC00190-compressed-279x300.jpg\" alt=\"DSC00190-compressed\" width=\"279\" height=\"300\" srcset=\"https:\/\/www.alberguecofradiadelsanto.com\/wp-content\/uploads\/2016\/05\/DSC00190-compressed-279x300.jpg 279w, https:\/\/www.alberguecofradiadelsanto.com\/wp-content\/uploads\/2016\/05\/DSC00190-compressed-953x1024.jpg 953w\" sizes=\"auto, (max-width: 279px) 100vw, 279px\" \/><\/a><a href=\"https:\/\/www.alberguecofradiadelsanto.com\/wp-content\/uploads\/2016\/05\/DSC00193-compressed.jpg\" data-rel=\"lightbox-image-6\" data-rl_title=\"\" data-rl_caption=\"\" title=\"\"><img loading=\"lazy\" decoding=\"async\" class=\"alignnone size-medium wp-image-1567\" src=\"https:\/\/www.alberguecofradiadelsanto.com\/wp-content\/uploads\/2016\/05\/DSC00193-compressed-300x225.jpg\" alt=\"DSC00193-compressed\" width=\"300\" height=\"225\" srcset=\"https:\/\/www.alberguecofradiadelsanto.com\/wp-content\/uploads\/2016\/05\/DSC00193-compressed-300x225.jpg 300w, https:\/\/www.alberguecofradiadelsanto.com\/wp-content\/uploads\/2016\/05\/DSC00193-compressed-1024x768.jpg 1024w\" sizes=\"auto, (max-width: 300px) 100vw, 300px\" \/><\/a><a href=\"https:\/\/www.alberguecofradiadelsanto.com\/wp-content\/uploads\/2016\/05\/DSC00199-compressed.jpg\" data-rel=\"lightbox-image-7\" data-rl_title=\"\" data-rl_caption=\"\" title=\"\"><img loading=\"lazy\" decoding=\"async\" class=\"alignnone size-medium wp-image-1568\" src=\"https:\/\/www.alberguecofradiadelsanto.com\/wp-content\/uploads\/2016\/05\/DSC00199-compressed-300x198.jpg\" alt=\"DSC00199-compressed\" width=\"300\" height=\"198\" srcset=\"https:\/\/www.alberguecofradiadelsanto.com\/wp-content\/uploads\/2016\/05\/DSC00199-compressed-300x198.jpg 300w, https:\/\/www.alberguecofradiadelsanto.com\/wp-content\/uploads\/2016\/05\/DSC00199-compressed-1024x675.jpg 1024w\" sizes=\"auto, (max-width: 300px) 100vw, 300px\" \/><\/a><a href=\"https:\/\/www.alberguecofradiadelsanto.com\/wp-content\/uploads\/2016\/05\/DSC00202-compressed.jpg\" data-rel=\"lightbox-image-8\" data-rl_title=\"\" data-rl_caption=\"\" title=\"\"><img loading=\"lazy\" decoding=\"async\" class=\"alignnone size-medium wp-image-1569\" src=\"https:\/\/www.alberguecofradiadelsanto.com\/wp-content\/uploads\/2016\/05\/DSC00202-compressed-300x225.jpg\" alt=\"DSC00202-compressed\" width=\"300\" height=\"225\" srcset=\"https:\/\/www.alberguecofradiadelsanto.com\/wp-content\/uploads\/2016\/05\/DSC00202-compressed-300x225.jpg 300w, https:\/\/www.alberguecofradiadelsanto.com\/wp-content\/uploads\/2016\/05\/DSC00202-compressed-1024x768.jpg 1024w\" sizes=\"auto, (max-width: 300px) 100vw, 300px\" \/><\/a><a href=\"https:\/\/www.alberguecofradiadelsanto.com\/wp-content\/uploads\/2016\/05\/DSC00206-compressed1.jpg\" data-rel=\"lightbox-image-9\" data-rl_title=\"\" data-rl_caption=\"\" title=\"\"><img loading=\"lazy\" decoding=\"async\" class=\"alignnone size-medium wp-image-1571\" src=\"https:\/\/www.alberguecofradiadelsanto.com\/wp-content\/uploads\/2016\/05\/DSC00206-compressed1-300x225.jpg\" alt=\"DSC00206-compressed\" width=\"300\" height=\"225\" srcset=\"https:\/\/www.alberguecofradiadelsanto.com\/wp-content\/uploads\/2016\/05\/DSC00206-compressed1-300x225.jpg 300w, https:\/\/www.alberguecofradiadelsanto.com\/wp-content\/uploads\/2016\/05\/DSC00206-compressed1-1024x768.jpg 1024w\" sizes=\"auto, (max-width: 300px) 100vw, 300px\" \/><\/a><\/p>\n<p><span style=\"color: #000000;\">Por la tarde la procesi\u00f3n de la Rueda con toda la gente joven y no tanto&#8230; entr\u00f3 en la Catedral donde permanecer\u00e1 colgando delante del gallinero.<\/span><\/p>\n<p><a href=\"https:\/\/www.alberguecofradiadelsanto.com\/wp-content\/uploads\/2016\/05\/14.jpg\" data-rel=\"lightbox-image-10\" data-rl_title=\"\" data-rl_caption=\"\" title=\"\"><img loading=\"lazy\" decoding=\"async\" class=\" size-medium wp-image-1572 aligncenter\" src=\"https:\/\/www.alberguecofradiadelsanto.com\/wp-content\/uploads\/2016\/05\/14-300x194.jpg\" alt=\"14\" width=\"300\" height=\"194\" srcset=\"https:\/\/www.alberguecofradiadelsanto.com\/wp-content\/uploads\/2016\/05\/14-300x194.jpg 300w, https:\/\/www.alberguecofradiadelsanto.com\/wp-content\/uploads\/2016\/05\/14.jpg 1000w\" sizes=\"auto, (max-width: 300px) 100vw, 300px\" \/><\/a><\/p>\n<p><span style=\"color: #000000;\">A continuaci\u00f3n la Cofrad\u00eda reparti\u00f3 la \u00ab\u00a0Cebolleta\u00a0\u00bb \u00a0a todos los asistentes.<\/span><\/p>\n<p><a href=\"https:\/\/www.alberguecofradiadelsanto.com\/wp-content\/uploads\/2016\/05\/DSC00178-compressed.jpg\" data-rel=\"lightbox-image-11\" data-rl_title=\"\" data-rl_caption=\"\" title=\"\"><img loading=\"lazy\" decoding=\"async\" class=\" size-medium wp-image-1573 alignleft\" src=\"https:\/\/www.alberguecofradiadelsanto.com\/wp-content\/uploads\/2016\/05\/DSC00178-compressed-300x225.jpg\" alt=\"DSC00178-compressed\" width=\"300\" height=\"225\" srcset=\"https:\/\/www.alberguecofradiadelsanto.com\/wp-content\/uploads\/2016\/05\/DSC00178-compressed-300x225.jpg 300w, https:\/\/www.alberguecofradiadelsanto.com\/wp-content\/uploads\/2016\/05\/DSC00178-compressed-1024x768.jpg 1024w\" sizes=\"auto, (max-width: 300px) 100vw, 300px\" \/><\/a><a href=\"https:\/\/www.alberguecofradiadelsanto.com\/wp-content\/uploads\/2016\/05\/16.jpg\" data-rel=\"lightbox-image-12\" data-rl_title=\"\" data-rl_caption=\"\" title=\"\"><img loading=\"lazy\" decoding=\"async\" class=\" size-medium wp-image-1574 alignright\" src=\"https:\/\/www.alberguecofradiadelsanto.com\/wp-content\/uploads\/2016\/05\/16-300x200.jpg\" alt=\"16\" width=\"300\" height=\"200\" srcset=\"https:\/\/www.alberguecofradiadelsanto.com\/wp-content\/uploads\/2016\/05\/16-300x200.jpg 300w, https:\/\/www.alberguecofradiadelsanto.com\/wp-content\/uploads\/2016\/05\/16.jpg 1000w\" sizes=\"auto, (max-width: 300px) 100vw, 300px\" \/><\/a><\/p>","protected":false},"excerpt":{"rendered":"<p>Comienza el d\u00eda con la misa que la Cofrad\u00eda celebra en la Ermita del Puente. La peque\u00f1a ermita, un a\u00f1o m\u00e1s, acoge esta tradicional misa muy entra\u00f1able para los calceatenses. En el Sal\u00f3n de las Doncellas de la Casa de la Cofrad\u00eda se expone al p\u00fablico en general la Mesa con la que los priores [&hellip;]<\/p>\n","protected":false},"author":2,"featured_media":1560,"comment_status":"open","ping_status":"closed","sticky":false,"template":"","format":"standard","meta":{"footnotes":""},"categories":[1],"tags":[],"class_list":["post-1559","post","type-post","status-publish","format-standard","has-post-thumbnail","hentry","category-uncategorized"],"_links":{"self":[{"href":"https:\/\/www.alberguecofradiadelsanto.com\/fr\/wp-json\/wp\/v2\/posts\/1559","targetHints":{"allow":["GET"]}}],"collection":[{"href":"https:\/\/www.alberguecofradiadelsanto.com\/fr\/wp-json\/wp\/v2\/posts"}],"about":[{"href":"https:\/\/www.alberguecofradiadelsanto.com\/fr\/wp-json\/wp\/v2\/types\/post"}],"author":[{"embeddable":true,"href":"https:\/\/www.alberguecofradiadelsanto.com\/fr\/wp-json\/wp\/v2\/users\/2"}],"replies":[{"embeddable":true,"href":"https:\/\/www.alberguecofradiadelsanto.com\/fr\/wp-json\/wp\/v2\/comments?post=1559"}],"version-history":[{"count":1,"href":"https:\/\/www.alberguecofradiadelsanto.com\/fr\/wp-json\/wp\/v2\/posts\/1559\/revisions"}],"predecessor-version":[{"id":1575,"href":"https:\/\/www.alberguecofradiadelsanto.com\/fr\/wp-json\/wp\/v2\/posts\/1559\/revisions\/1575"}],"wp:featuredmedia":[{"embeddable":true,"href":"https:\/\/www.alberguecofradiadelsanto.com\/fr\/wp-json\/wp\/v2\/media\/1560"}],"wp:attachment":[{"href":"https:\/\/www.alberguecofradiadelsanto.com\/fr\/wp-json\/wp\/v2\/media?parent=1559"}],"wp:term":[{"taxonomy":"category","embeddable":true,"href":"https:\/\/www.alberguecofradiadelsanto.com\/fr\/wp-json\/wp\/v2\/categories?post=1559"},{"taxonomy":"post_tag","embeddable":true,"href":"https:\/\/www.alberguecofradiadelsanto.com\/fr\/wp-json\/wp\/v2\/tags?post=1559"}],"curies":[{"name":"wp","href":"https:\/\/api.w.org\/{rel}","templated":true}]}}