{"id":1487,"date":"2016-04-25T20:33:29","date_gmt":"2016-04-25T18:33:29","guid":{"rendered":"http:\/\/www.alberguecofradiadelsanto.com\/?p=1487"},"modified":"2016-04-25T20:33:29","modified_gmt":"2016-04-25T18:33:29","slug":"y-el-25-de-abril-salio-la-gaita-con-el-tamboril","status":"publish","type":"post","link":"https:\/\/www.alberguecofradiadelsanto.com\/fr\/y-el-25-de-abril-salio-la-gaita-con-el-tamboril\/","title":{"rendered":"Y EL 25 DE ABRIL &#8230; SALI\u00d3 LA GAITA CON EL TAMBORIL"},"content":{"rendered":"<p><span style=\"color: #000000;\">Ya se acercan las fiestas del Santo y como anticipo el 25 de abril un a\u00f1o m\u00e1s ha salido la Gaita con el Tamboril.<\/span><\/p>\n<p><span style=\"color: #000000;\">Desde la 4 de la tarde la comitiva ha visitado las casas de las doncellas que el\u00a0pr\u00f3ximo 11 de mayo saldr\u00e1n en la procesi\u00f3n del Pan del santo y del Peregrino. Como es tradicional la Cofrad\u00eda ha pintado la cara de las mozas recordando como anta\u00f1o se las inscrib\u00eda para dicha procesi\u00f3n.\u00a0<\/span><\/p>\n<p><span style=\"color: #000000;\">Al toque de la Gaita y del Tambor\u00edl tambi\u00e9n la chiquiller\u00eda ha disfrutado de una fiesta muy nuestra. Tambi\u00e9n se han visto los Carneros del Santo en la plaza de la Alameda donde\u00a0se ha comprobado su perfecto magn\u00edfico aspecto.\u00a0<\/span><\/p>\n<p><a href=\"https:\/\/www.alberguecofradiadelsanto.com\/wp-content\/uploads\/2016\/04\/DSC00099-compressed.jpg\" data-rel=\"lightbox-image-0\" data-rl_title=\"\" data-rl_caption=\"\" title=\"\"><img loading=\"lazy\" decoding=\"async\" class=\" size-medium wp-image-1490 alignleft\" src=\"https:\/\/www.alberguecofradiadelsanto.com\/wp-content\/uploads\/2016\/04\/DSC00099-compressed-300x225.jpg\" alt=\"DSC00099-compressed\" width=\"300\" height=\"225\" \/><\/a><a href=\"https:\/\/www.alberguecofradiadelsanto.com\/wp-content\/uploads\/2016\/04\/DSC00102-compressed.jpg\" data-rel=\"lightbox-image-1\" data-rl_title=\"\" data-rl_caption=\"\" title=\"\"><img loading=\"lazy\" decoding=\"async\" class=\" size-medium wp-image-1491 alignright\" src=\"https:\/\/www.alberguecofradiadelsanto.com\/wp-content\/uploads\/2016\/04\/DSC00102-compressed-300x225.jpg\" alt=\"DSC00102-compressed\" width=\"300\" height=\"225\" \/><\/a><a href=\"https:\/\/www.alberguecofradiadelsanto.com\/wp-content\/uploads\/2016\/04\/DSC00105-compressed.jpg\" data-rel=\"lightbox-image-2\" data-rl_title=\"\" data-rl_caption=\"\" title=\"\"><img loading=\"lazy\" decoding=\"async\" class=\" size-medium wp-image-1492 alignleft\" src=\"https:\/\/www.alberguecofradiadelsanto.com\/wp-content\/uploads\/2016\/04\/DSC00105-compressed-300x225.jpg\" alt=\"DSC00105-compressed\" width=\"300\" height=\"225\" srcset=\"https:\/\/www.alberguecofradiadelsanto.com\/wp-content\/uploads\/2016\/04\/DSC00105-compressed-300x225.jpg 300w, https:\/\/www.alberguecofradiadelsanto.com\/wp-content\/uploads\/2016\/04\/DSC00105-compressed-1024x768.jpg 1024w\" sizes=\"auto, (max-width: 300px) 100vw, 300px\" \/><\/a><a href=\"https:\/\/www.alberguecofradiadelsanto.com\/wp-content\/uploads\/2016\/04\/DSC00106-compressed.jpg\" data-rel=\"lightbox-image-3\" data-rl_title=\"\" data-rl_caption=\"\" title=\"\"><img loading=\"lazy\" decoding=\"async\" class=\" size-medium wp-image-1493 alignright\" src=\"https:\/\/www.alberguecofradiadelsanto.com\/wp-content\/uploads\/2016\/04\/DSC00106-compressed-300x225.jpg\" alt=\"DSC00106-compressed\" width=\"300\" height=\"225\" srcset=\"https:\/\/www.alberguecofradiadelsanto.com\/wp-content\/uploads\/2016\/04\/DSC00106-compressed-300x225.jpg 300w, https:\/\/www.alberguecofradiadelsanto.com\/wp-content\/uploads\/2016\/04\/DSC00106-compressed-1024x768.jpg 1024w\" sizes=\"auto, (max-width: 300px) 100vw, 300px\" \/><\/a><\/p>\n<p>&nbsp;<\/p>\n<p>&nbsp;<\/p>","protected":false},"excerpt":{"rendered":"<p>Ya se acercan las fiestas del Santo y como anticipo el 25 de abril un a\u00f1o m\u00e1s ha salido la Gaita con el Tamboril. Desde la 4 de la tarde la comitiva ha visitado las casas de las doncellas que el\u00a0pr\u00f3ximo 11 de mayo saldr\u00e1n en la procesi\u00f3n del Pan del santo y del Peregrino. [&hellip;]<\/p>\n","protected":false},"author":2,"featured_media":0,"comment_status":"open","ping_status":"closed","sticky":false,"template":"","format":"standard","meta":{"footnotes":""},"categories":[1],"tags":[],"class_list":["post-1487","post","type-post","status-publish","format-standard","hentry","category-uncategorized"],"_links":{"self":[{"href":"https:\/\/www.alberguecofradiadelsanto.com\/fr\/wp-json\/wp\/v2\/posts\/1487","targetHints":{"allow":["GET"]}}],"collection":[{"href":"https:\/\/www.alberguecofradiadelsanto.com\/fr\/wp-json\/wp\/v2\/posts"}],"about":[{"href":"https:\/\/www.alberguecofradiadelsanto.com\/fr\/wp-json\/wp\/v2\/types\/post"}],"author":[{"embeddable":true,"href":"https:\/\/www.alberguecofradiadelsanto.com\/fr\/wp-json\/wp\/v2\/users\/2"}],"replies":[{"embeddable":true,"href":"https:\/\/www.alberguecofradiadelsanto.com\/fr\/wp-json\/wp\/v2\/comments?post=1487"}],"version-history":[{"count":1,"href":"https:\/\/www.alberguecofradiadelsanto.com\/fr\/wp-json\/wp\/v2\/posts\/1487\/revisions"}],"predecessor-version":[{"id":1494,"href":"https:\/\/www.alberguecofradiadelsanto.com\/fr\/wp-json\/wp\/v2\/posts\/1487\/revisions\/1494"}],"wp:attachment":[{"href":"https:\/\/www.alberguecofradiadelsanto.com\/fr\/wp-json\/wp\/v2\/media?parent=1487"}],"wp:term":[{"taxonomy":"category","embeddable":true,"href":"https:\/\/www.alberguecofradiadelsanto.com\/fr\/wp-json\/wp\/v2\/categories?post=1487"},{"taxonomy":"post_tag","embeddable":true,"href":"https:\/\/www.alberguecofradiadelsanto.com\/fr\/wp-json\/wp\/v2\/tags?post=1487"}],"curies":[{"name":"wp","href":"https:\/\/api.w.org\/{rel}","templated":true}]}}