{"id":1449,"date":"2016-04-05T19:04:21","date_gmt":"2016-04-05T17:04:21","guid":{"rendered":"http:\/\/www.alberguecofradiadelsanto.com\/?p=1449"},"modified":"2016-04-05T19:19:46","modified_gmt":"2016-04-05T17:19:46","slug":"de-llodio-a-el-rocio-con-mulas","status":"publish","type":"post","link":"https:\/\/www.alberguecofradiadelsanto.com\/fr\/de-llodio-a-el-rocio-con-mulas\/","title":{"rendered":"DE LLODIO AL ROC\u00cdO CON MULAS"},"content":{"rendered":"<p><span style=\"color: #000000;\">La pasada noche pernoctaron en el albergue los cuatro\u00a0jubilados de LLodio \u00a0que han sido noticia en todos los telediarios y peri\u00f3dicos de Espa\u00f1a por su gesta de recorrer,\u00a0en\u00a0su carro de mulas, desde su poblaci\u00f3n alavesa hasta la aldea de El Roc\u00edo. Adolfo, Jos\u00e9 Ram\u00f3n, Pedro y Andr\u00e9s van ha atravesar\u00a0en 45 d\u00edas\u00a0\u00a0la pen\u00ednsula de norte a sur, con sus mulas Charo (la tranquila) y Chula (la nerviosa).<\/span><\/p>\n<p><span style=\"color: #000000;\">Aunque su camino no lleva la direcci\u00f3n de Compostela, su romer\u00eda merece ser considerada como una aventura de fe. En la romer\u00eda de El Roc\u00edo se unir\u00e1n a tantas hermandades que peregrinar\u00e1n ante los pies de la Blanca Paloma para ofrecerle el estandarte de la\u00a0Cofrad\u00eda de Sant Roque de LLodio de la que son miembros.<\/span><\/p>\n<div id=\"attachment_1453\" style=\"width: 284px\" class=\"wp-caption alignleft\"><a href=\"https:\/\/www.alberguecofradiadelsanto.com\/wp-content\/uploads\/2016\/04\/DSC00073-compressed.jpg\" data-rel=\"lightbox-image-0\" data-rl_title=\"\" data-rl_caption=\"\" title=\"\"><img loading=\"lazy\" decoding=\"async\" aria-describedby=\"caption-attachment-1453\" class=\" wp-image-1453\" src=\"https:\/\/www.alberguecofradiadelsanto.com\/wp-content\/uploads\/2016\/04\/DSC00073-compressed-300x225.jpg\" alt=\"Colocando los arneses\" width=\"274\" height=\"206\" \/><\/a><p id=\"caption-attachment-1453\" class=\"wp-caption-text\"><span style=\"color: #000000;\">Colocando los arneses<\/span><\/p><\/div>\n<div id=\"attachment_1452\" style=\"width: 285px\" class=\"wp-caption alignright\"><a href=\"https:\/\/www.alberguecofradiadelsanto.com\/wp-content\/uploads\/2016\/04\/DSC00072-compressed.jpg\" data-rel=\"lightbox-image-1\" data-rl_title=\"\" data-rl_caption=\"\" title=\"\"><img loading=\"lazy\" decoding=\"async\" aria-describedby=\"caption-attachment-1452\" class=\" wp-image-1452\" src=\"https:\/\/www.alberguecofradiadelsanto.com\/wp-content\/uploads\/2016\/04\/DSC00072-compressed-300x225.jpg\" alt=\"Herrando a Chula\" width=\"275\" height=\"206\" \/><\/a><p id=\"caption-attachment-1452\" class=\"wp-caption-text\"><span style=\"color: #000000;\">Herrando a Chula<\/span><\/p><\/div>\n<p><span style=\"color: #000000;\">Esta ma\u00f1ana preparaban a sus queridas mulas antes de reanudar la marcha rumbo a Belorado, donde tienen previsto descansar hoy.<\/span><\/p>\n<div id=\"attachment_1454\" style=\"width: 285px\" class=\"wp-caption alignleft\"><a href=\"https:\/\/www.alberguecofradiadelsanto.com\/wp-content\/uploads\/2016\/04\/DSC00076-compressed.jpg\" data-rel=\"lightbox-image-2\" data-rl_title=\"\" data-rl_caption=\"\" title=\"\"><img loading=\"lazy\" decoding=\"async\" aria-describedby=\"caption-attachment-1454\" class=\" wp-image-1454\" src=\"https:\/\/www.alberguecofradiadelsanto.com\/wp-content\/uploads\/2016\/04\/DSC00076-compressed-300x225.jpg\" alt=\"En marcha...\" width=\"275\" height=\"206\" \/><\/a><p id=\"caption-attachment-1454\" class=\"wp-caption-text\"><span style=\"color: #000000;\">En marcha&#8230;<\/span><\/p><\/div>\n<div id=\"attachment_1455\" style=\"width: 285px\" class=\"wp-caption alignright\"><a href=\"https:\/\/www.alberguecofradiadelsanto.com\/wp-content\/uploads\/2016\/04\/DSC00077-compressed.jpg\" data-rel=\"lightbox-image-3\" data-rl_title=\"\" data-rl_caption=\"\" title=\"\"><img loading=\"lazy\" decoding=\"async\" aria-describedby=\"caption-attachment-1455\" class=\" wp-image-1455\" src=\"https:\/\/www.alberguecofradiadelsanto.com\/wp-content\/uploads\/2016\/04\/DSC00077-compressed-300x225.jpg\" alt=\"BUEN CAMINO !!!\" width=\"275\" height=\"206\" \/><\/a><p id=\"caption-attachment-1455\" class=\"wp-caption-text\"><span style=\"color: #000000;\">BUEN CAMINO !!!<\/span><\/p><\/div>\n<p><span style=\"color: #000000;\">Desde el albergue de la Cofrad\u00eda del Santo solo nos queda desearos exito y BUEN CAMINO peregrinos !!!<\/span><\/p>","protected":false},"excerpt":{"rendered":"<p>La pasada noche pernoctaron en el albergue los cuatro\u00a0jubilados de LLodio \u00a0que han sido noticia en todos los telediarios y peri\u00f3dicos de Espa\u00f1a por su gesta de recorrer,\u00a0en\u00a0su carro de mulas, desde su poblaci\u00f3n alavesa hasta la aldea de El Roc\u00edo. Adolfo, Jos\u00e9 Ram\u00f3n, Pedro y Andr\u00e9s van ha atravesar\u00a0en 45 d\u00edas\u00a0\u00a0la pen\u00ednsula de norte [&hellip;]<\/p>\n","protected":false},"author":2,"featured_media":0,"comment_status":"open","ping_status":"closed","sticky":false,"template":"","format":"standard","meta":{"footnotes":""},"categories":[1],"tags":[],"class_list":["post-1449","post","type-post","status-publish","format-standard","hentry","category-uncategorized"],"_links":{"self":[{"href":"https:\/\/www.alberguecofradiadelsanto.com\/fr\/wp-json\/wp\/v2\/posts\/1449","targetHints":{"allow":["GET"]}}],"collection":[{"href":"https:\/\/www.alberguecofradiadelsanto.com\/fr\/wp-json\/wp\/v2\/posts"}],"about":[{"href":"https:\/\/www.alberguecofradiadelsanto.com\/fr\/wp-json\/wp\/v2\/types\/post"}],"author":[{"embeddable":true,"href":"https:\/\/www.alberguecofradiadelsanto.com\/fr\/wp-json\/wp\/v2\/users\/2"}],"replies":[{"embeddable":true,"href":"https:\/\/www.alberguecofradiadelsanto.com\/fr\/wp-json\/wp\/v2\/comments?post=1449"}],"version-history":[{"count":6,"href":"https:\/\/www.alberguecofradiadelsanto.com\/fr\/wp-json\/wp\/v2\/posts\/1449\/revisions"}],"predecessor-version":[{"id":1468,"href":"https:\/\/www.alberguecofradiadelsanto.com\/fr\/wp-json\/wp\/v2\/posts\/1449\/revisions\/1468"}],"wp:attachment":[{"href":"https:\/\/www.alberguecofradiadelsanto.com\/fr\/wp-json\/wp\/v2\/media?parent=1449"}],"wp:term":[{"taxonomy":"category","embeddable":true,"href":"https:\/\/www.alberguecofradiadelsanto.com\/fr\/wp-json\/wp\/v2\/categories?post=1449"},{"taxonomy":"post_tag","embeddable":true,"href":"https:\/\/www.alberguecofradiadelsanto.com\/fr\/wp-json\/wp\/v2\/tags?post=1449"}],"curies":[{"name":"wp","href":"https:\/\/api.w.org\/{rel}","templated":true}]}}