{"id":1437,"date":"2016-04-05T10:51:09","date_gmt":"2016-04-05T08:51:09","guid":{"rendered":"http:\/\/www.alberguecofradiadelsanto.com\/?p=1437"},"modified":"2016-04-05T10:53:19","modified_gmt":"2016-04-05T08:53:19","slug":"fiesta-de-san-dominguin-en-alcorcon","status":"publish","type":"post","link":"https:\/\/www.alberguecofradiadelsanto.com\/fr\/fiesta-de-san-dominguin-en-alcorcon\/","title":{"rendered":"FIESTA DE SAN DOMINGU\u00cdN EN ALCORC\u00d3N"},"content":{"rendered":"<p><span style=\"color: #000000;\">El pasado s\u00e1bado 2\u00a0de abril se celebr\u00f3 la fiesta de San Domingu\u00edn patr\u00f3n de la ciudad madrile\u00f1a de Alcorc\u00f3n. A ella acudieron los priores de la Cofrad\u00eda del Santo y algunos de los cofrades.<\/span><\/p>\n<p><span style=\"color: #000000;\">La atenci\u00f3n recibida por parte de la Cofrad\u00eda de San Domingu\u00edn fue exquisita y las celebraciones resultaron magn\u00edficas.<\/span><\/p>\n<p><span style=\"color: #000000;\">Cada a\u00f1o la Cofrad\u00eda del Santo est\u00e1 invitada por su hom\u00f3nima de Alcorc\u00f3n y viceversa, habiendo entre ambas una una relaci\u00f3n cordial\u00edsima de fraternidad.<\/span><\/p>\n<p><a href=\"https:\/\/www.alberguecofradiadelsanto.com\/wp-content\/uploads\/2016\/04\/Alcorc\u00f3n2.jpg\" data-rel=\"lightbox-image-0\" data-rl_title=\"\" data-rl_caption=\"\" title=\"\"><img loading=\"lazy\" decoding=\"async\" class=\" size-medium wp-image-1441 alignright\" src=\"https:\/\/www.alberguecofradiadelsanto.com\/wp-content\/uploads\/2016\/04\/Alcorc\u00f3n2-300x225.jpg\" alt=\"Alcorc\u00f3n2\" width=\"300\" height=\"225\" \/><\/a><a href=\"https:\/\/www.alberguecofradiadelsanto.com\/wp-content\/uploads\/2016\/04\/Alcorc\u00f3n1.jpg\" data-rel=\"lightbox-image-1\" data-rl_title=\"\" data-rl_caption=\"\" title=\"\"><img loading=\"lazy\" decoding=\"async\" class=\" size-medium wp-image-1440 alignleft\" src=\"https:\/\/www.alberguecofradiadelsanto.com\/wp-content\/uploads\/2016\/04\/Alcorc\u00f3n1-300x225.jpg\" alt=\"Alcorc\u00f3n1\" width=\"300\" height=\"225\" \/><\/a><\/p>","protected":false},"excerpt":{"rendered":"<p>El pasado s\u00e1bado 2\u00a0de abril se celebr\u00f3 la fiesta de San Domingu\u00edn patr\u00f3n de la ciudad madrile\u00f1a de Alcorc\u00f3n. A ella acudieron los priores de la Cofrad\u00eda del Santo y algunos de los cofrades. La atenci\u00f3n recibida por parte de la Cofrad\u00eda de San Domingu\u00edn fue exquisita y las celebraciones resultaron magn\u00edficas. Cada a\u00f1o la [&hellip;]<\/p>\n","protected":false},"author":2,"featured_media":0,"comment_status":"open","ping_status":"closed","sticky":false,"template":"","format":"standard","meta":{"footnotes":""},"categories":[1],"tags":[],"class_list":["post-1437","post","type-post","status-publish","format-standard","hentry","category-uncategorized"],"_links":{"self":[{"href":"https:\/\/www.alberguecofradiadelsanto.com\/fr\/wp-json\/wp\/v2\/posts\/1437","targetHints":{"allow":["GET"]}}],"collection":[{"href":"https:\/\/www.alberguecofradiadelsanto.com\/fr\/wp-json\/wp\/v2\/posts"}],"about":[{"href":"https:\/\/www.alberguecofradiadelsanto.com\/fr\/wp-json\/wp\/v2\/types\/post"}],"author":[{"embeddable":true,"href":"https:\/\/www.alberguecofradiadelsanto.com\/fr\/wp-json\/wp\/v2\/users\/2"}],"replies":[{"embeddable":true,"href":"https:\/\/www.alberguecofradiadelsanto.com\/fr\/wp-json\/wp\/v2\/comments?post=1437"}],"version-history":[{"count":3,"href":"https:\/\/www.alberguecofradiadelsanto.com\/fr\/wp-json\/wp\/v2\/posts\/1437\/revisions"}],"predecessor-version":[{"id":1444,"href":"https:\/\/www.alberguecofradiadelsanto.com\/fr\/wp-json\/wp\/v2\/posts\/1437\/revisions\/1444"}],"wp:attachment":[{"href":"https:\/\/www.alberguecofradiadelsanto.com\/fr\/wp-json\/wp\/v2\/media?parent=1437"}],"wp:term":[{"taxonomy":"category","embeddable":true,"href":"https:\/\/www.alberguecofradiadelsanto.com\/fr\/wp-json\/wp\/v2\/categories?post=1437"},{"taxonomy":"post_tag","embeddable":true,"href":"https:\/\/www.alberguecofradiadelsanto.com\/fr\/wp-json\/wp\/v2\/tags?post=1437"}],"curies":[{"name":"wp","href":"https:\/\/api.w.org\/{rel}","templated":true}]}}