{"id":1403,"date":"2016-03-11T12:21:35","date_gmt":"2016-03-11T10:21:35","guid":{"rendered":"http:\/\/www.alberguecofradiadelsanto.com\/?p=1403"},"modified":"2016-03-11T12:21:35","modified_gmt":"2016-03-11T10:21:35","slug":"llenado-de-las-cubas-del-vino-reservado-para-el-milenario-del-nacimiento-del-santo","status":"publish","type":"post","link":"https:\/\/www.alberguecofradiadelsanto.com\/fr\/llenado-de-las-cubas-del-vino-reservado-para-el-milenario-del-nacimiento-del-santo\/","title":{"rendered":"LLENADO DE LAS CUBAS DEL VINO RESERVADO PARA EL MILENARIO DEL NACIMIENTO DEL SANTO"},"content":{"rendered":"<p><span style=\"color: #000000;\">En la ma\u00f1ana de ayer la Cofrad\u00eda del Santo se desplaz\u00f3 a la Bodega que\u00a0Florentino Mart\u00ednez tiene en Cordov\u00edn, para proceder al llenado de las cubas, con el vino que se ha separado para una a\u00f1ada especial, \u00a0que para\u00a0el a\u00f1o 2019, se va a dedicar en\u00a0el milenario del nacimiento de Santo Domingo de la Calzada.<\/span><\/p>\n<p><span style=\"color: #000000;\">En el mes de octubre la misma Cofrad\u00eda del Santo estuvo vendimiando los racimos escogidos para este vino.<\/span><\/p>\n<div id=\"attachment_1405\" style=\"width: 310px\" class=\"wp-caption alignright\"><a href=\"https:\/\/www.alberguecofradiadelsanto.com\/wp-content\/uploads\/2016\/03\/DSC_9892.jpg\" data-rel=\"lightbox-image-0\" data-rl_title=\"\" data-rl_caption=\"\" title=\"\"><img loading=\"lazy\" decoding=\"async\" aria-describedby=\"caption-attachment-1405\" class=\"size-medium wp-image-1405\" src=\"https:\/\/www.alberguecofradiadelsanto.com\/wp-content\/uploads\/2016\/03\/DSC_9892-300x201.jpg\" alt=\"La Priora Montserrat Mendi marcando una de las cubas\" width=\"300\" height=\"201\" \/><\/a><p id=\"caption-attachment-1405\" class=\"wp-caption-text\"><span style=\"color: #000000;\">La Priora Montserrat Mendi marcando una de las cubas<\/span><\/p><\/div>\n<p><span style=\"color: #000000;\">De esta forma se puede decir, que es la misma Cofrad\u00eda la que\u00a0est\u00e1 elaborando este vino reserva con el que se va a celebrar tan importante acontecimiento para todos los calceatenses.<\/span><\/p>","protected":false},"excerpt":{"rendered":"<p>En la ma\u00f1ana de ayer la Cofrad\u00eda del Santo se desplaz\u00f3 a la Bodega que\u00a0Florentino Mart\u00ednez tiene en Cordov\u00edn, para proceder al llenado de las cubas, con el vino que se ha separado para una a\u00f1ada especial, \u00a0que para\u00a0el a\u00f1o 2019, se va a dedicar en\u00a0el milenario del nacimiento de Santo Domingo de la Calzada. [&hellip;]<\/p>\n","protected":false},"author":2,"featured_media":0,"comment_status":"open","ping_status":"closed","sticky":false,"template":"","format":"standard","meta":{"footnotes":""},"categories":[1],"tags":[],"class_list":["post-1403","post","type-post","status-publish","format-standard","hentry","category-uncategorized"],"_links":{"self":[{"href":"https:\/\/www.alberguecofradiadelsanto.com\/fr\/wp-json\/wp\/v2\/posts\/1403","targetHints":{"allow":["GET"]}}],"collection":[{"href":"https:\/\/www.alberguecofradiadelsanto.com\/fr\/wp-json\/wp\/v2\/posts"}],"about":[{"href":"https:\/\/www.alberguecofradiadelsanto.com\/fr\/wp-json\/wp\/v2\/types\/post"}],"author":[{"embeddable":true,"href":"https:\/\/www.alberguecofradiadelsanto.com\/fr\/wp-json\/wp\/v2\/users\/2"}],"replies":[{"embeddable":true,"href":"https:\/\/www.alberguecofradiadelsanto.com\/fr\/wp-json\/wp\/v2\/comments?post=1403"}],"version-history":[{"count":3,"href":"https:\/\/www.alberguecofradiadelsanto.com\/fr\/wp-json\/wp\/v2\/posts\/1403\/revisions"}],"predecessor-version":[{"id":1408,"href":"https:\/\/www.alberguecofradiadelsanto.com\/fr\/wp-json\/wp\/v2\/posts\/1403\/revisions\/1408"}],"wp:attachment":[{"href":"https:\/\/www.alberguecofradiadelsanto.com\/fr\/wp-json\/wp\/v2\/media?parent=1403"}],"wp:term":[{"taxonomy":"category","embeddable":true,"href":"https:\/\/www.alberguecofradiadelsanto.com\/fr\/wp-json\/wp\/v2\/categories?post=1403"},{"taxonomy":"post_tag","embeddable":true,"href":"https:\/\/www.alberguecofradiadelsanto.com\/fr\/wp-json\/wp\/v2\/tags?post=1403"}],"curies":[{"name":"wp","href":"https:\/\/api.w.org\/{rel}","templated":true}]}}