{"id":1366,"date":"2015-12-19T15:53:31","date_gmt":"2015-12-19T13:53:31","guid":{"rendered":"http:\/\/www.alberguecofradiadelsanto.com\/?p=1366"},"modified":"2015-12-19T16:02:47","modified_gmt":"2015-12-19T14:02:47","slug":"feliz-navidad-desde-la-cofradia-del-santo","status":"publish","type":"post","link":"https:\/\/www.alberguecofradiadelsanto.com\/fr\/feliz-navidad-desde-la-cofradia-del-santo\/","title":{"rendered":"FELIZ NAVIDAD DESDE LA COFRAD\u00cdA DEL SANTO"},"content":{"rendered":"<p><span style=\"color: #000000;\">La Navidad es tiempo para\u00a0so\u00f1ar, compartir y amar. Esto es lo que celebramos con el Nacimiento de Jes\u00fas, la fascinaci\u00f3n de vivir con la esperanza de un mundo mejor.<\/span><\/p>\n<p><span style=\"color: #000000;\">OS DESEAMOS MUCHAS FELICIDADES A TODOS LOS CALCEATENSES, HERMANOS DEL SANTO Y PEREGRINOS.<\/span><\/p>\n<div id=\"attachment_1367\" style=\"width: 310px\" class=\"wp-caption alignleft\"><a href=\"https:\/\/www.alberguecofradiadelsanto.com\/wp-content\/uploads\/2015\/12\/DSC00031.jpg\" data-rel=\"lightbox-image-0\" data-rl_title=\"\" data-rl_caption=\"\" title=\"\"><img loading=\"lazy\" decoding=\"async\" aria-describedby=\"caption-attachment-1367\" class=\"wp-image-1367 size-medium\" src=\"https:\/\/www.alberguecofradiadelsanto.com\/wp-content\/uploads\/2015\/12\/DSC00031-300x225.jpg\" alt=\"DSC00031\" width=\"300\" height=\"225\" \/><\/a><p id=\"caption-attachment-1367\" class=\"wp-caption-text\">Bel\u00e9n de la Casa del Santo<\/p><\/div>\n<dl id=\"attachment_1371\" class=\"wp-caption alignnone\" style=\"width: 235px;\">\n<dt class=\"wp-caption-dt\"><a href=\"https:\/\/www.alberguecofradiadelsanto.com\/wp-content\/uploads\/2015\/12\/DSC00030.jpg\" data-rel=\"lightbox-image-1\" data-rl_title=\"\" data-rl_caption=\"\" title=\"\"><img loading=\"lazy\" decoding=\"async\" class=\"wp-image-1371 size-medium\" src=\"https:\/\/www.alberguecofradiadelsanto.com\/wp-content\/uploads\/2015\/12\/DSC00030-225x300.jpg\" alt=\"DSC00030\" width=\"225\" height=\"300\" \/><\/a><\/dt>\n<dd class=\"wp-caption-dd\">\u00c1rbol de Navidad<\/dd>\n<\/dl>","protected":false},"excerpt":{"rendered":"<p>La Navidad es tiempo para\u00a0so\u00f1ar, compartir y amar. Esto es lo que celebramos con el Nacimiento de Jes\u00fas, la fascinaci\u00f3n de vivir con la esperanza de un mundo mejor. OS DESEAMOS MUCHAS FELICIDADES A TODOS LOS CALCEATENSES, HERMANOS DEL SANTO Y PEREGRINOS. \u00c1rbol de Navidad<\/p>\n","protected":false},"author":2,"featured_media":0,"comment_status":"open","ping_status":"closed","sticky":false,"template":"","format":"standard","meta":{"footnotes":""},"categories":[1],"tags":[],"class_list":["post-1366","post","type-post","status-publish","format-standard","hentry","category-uncategorized"],"_links":{"self":[{"href":"https:\/\/www.alberguecofradiadelsanto.com\/fr\/wp-json\/wp\/v2\/posts\/1366","targetHints":{"allow":["GET"]}}],"collection":[{"href":"https:\/\/www.alberguecofradiadelsanto.com\/fr\/wp-json\/wp\/v2\/posts"}],"about":[{"href":"https:\/\/www.alberguecofradiadelsanto.com\/fr\/wp-json\/wp\/v2\/types\/post"}],"author":[{"embeddable":true,"href":"https:\/\/www.alberguecofradiadelsanto.com\/fr\/wp-json\/wp\/v2\/users\/2"}],"replies":[{"embeddable":true,"href":"https:\/\/www.alberguecofradiadelsanto.com\/fr\/wp-json\/wp\/v2\/comments?post=1366"}],"version-history":[{"count":3,"href":"https:\/\/www.alberguecofradiadelsanto.com\/fr\/wp-json\/wp\/v2\/posts\/1366\/revisions"}],"predecessor-version":[{"id":1372,"href":"https:\/\/www.alberguecofradiadelsanto.com\/fr\/wp-json\/wp\/v2\/posts\/1366\/revisions\/1372"}],"wp:attachment":[{"href":"https:\/\/www.alberguecofradiadelsanto.com\/fr\/wp-json\/wp\/v2\/media?parent=1366"}],"wp:term":[{"taxonomy":"category","embeddable":true,"href":"https:\/\/www.alberguecofradiadelsanto.com\/fr\/wp-json\/wp\/v2\/categories?post=1366"},{"taxonomy":"post_tag","embeddable":true,"href":"https:\/\/www.alberguecofradiadelsanto.com\/fr\/wp-json\/wp\/v2\/tags?post=1366"}],"curies":[{"name":"wp","href":"https:\/\/api.w.org\/{rel}","templated":true}]}}