{"id":976,"date":"2015-06-30T21:58:15","date_gmt":"2015-06-30T19:58:15","guid":{"rendered":"http:\/\/alberguecofradiadelsanto.com\/?p=976"},"modified":"2015-07-20T20:35:20","modified_gmt":"2015-07-20T18:35:20","slug":"el-albergue-de-la-cofradia-del-santo-estrena-pagina-web","status":"publish","type":"post","link":"https:\/\/www.alberguecofradiadelsanto.com\/en\/el-albergue-de-la-cofradia-del-santo-estrena-pagina-web\/","title":{"rendered":"EL ALBERGUE DE LA COFRAD\u00cdA DEL SANTO ESTRENA P\u00c1GINA WEB"},"content":{"rendered":"<p><span style=\"color: #000000;\">El Albergue de la Cofrad\u00eda de Santo Domingo de la Calzada\u00a0estrena su nuevo portal web.<\/span><\/p>\n<p><span style=\"color: #000000;\">Estamos encantados de ense\u00f1aros nuestra nueva imagen y ofreceros un espacio m\u00e1s cercano y \u00fatil sobre nuestra casa.<\/span><\/p>\n<p><span style=\"color: #000000;\">Esperamos que disfrut\u00e9is del contenido y que os ayude a conocer un poco mejor nuestros servicios.<\/span><\/p>\n<p><span style=\"color: #000000;\"><strong>\u00a1Gracias por visitarnos!<\/strong><\/span><\/p>","protected":false},"excerpt":{"rendered":"<p>El Albergue de la Cofrad\u00eda de Santo Domingo de la Calzada\u00a0estrena su nuevo portal web. Estamos encantados de ense\u00f1aros nuestra nueva imagen y ofreceros un espacio m\u00e1s cercano y \u00fatil sobre nuestra casa. Esperamos que disfrut\u00e9is del contenido y que os ayude a conocer un poco mejor nuestros servicios. \u00a1Gracias por visitarnos!<\/p>\n","protected":false},"author":2,"featured_media":977,"comment_status":"open","ping_status":"closed","sticky":false,"template":"","format":"standard","meta":{"footnotes":""},"categories":[24],"tags":[],"class_list":["post-976","post","type-post","status-publish","format-standard","has-post-thumbnail","hentry","category-general"],"_links":{"self":[{"href":"https:\/\/www.alberguecofradiadelsanto.com\/en\/wp-json\/wp\/v2\/posts\/976","targetHints":{"allow":["GET"]}}],"collection":[{"href":"https:\/\/www.alberguecofradiadelsanto.com\/en\/wp-json\/wp\/v2\/posts"}],"about":[{"href":"https:\/\/www.alberguecofradiadelsanto.com\/en\/wp-json\/wp\/v2\/types\/post"}],"author":[{"embeddable":true,"href":"https:\/\/www.alberguecofradiadelsanto.com\/en\/wp-json\/wp\/v2\/users\/2"}],"replies":[{"embeddable":true,"href":"https:\/\/www.alberguecofradiadelsanto.com\/en\/wp-json\/wp\/v2\/comments?post=976"}],"version-history":[{"count":3,"href":"https:\/\/www.alberguecofradiadelsanto.com\/en\/wp-json\/wp\/v2\/posts\/976\/revisions"}],"predecessor-version":[{"id":1162,"href":"https:\/\/www.alberguecofradiadelsanto.com\/en\/wp-json\/wp\/v2\/posts\/976\/revisions\/1162"}],"wp:featuredmedia":[{"embeddable":true,"href":"https:\/\/www.alberguecofradiadelsanto.com\/en\/wp-json\/wp\/v2\/media\/977"}],"wp:attachment":[{"href":"https:\/\/www.alberguecofradiadelsanto.com\/en\/wp-json\/wp\/v2\/media?parent=976"}],"wp:term":[{"taxonomy":"category","embeddable":true,"href":"https:\/\/www.alberguecofradiadelsanto.com\/en\/wp-json\/wp\/v2\/categories?post=976"},{"taxonomy":"post_tag","embeddable":true,"href":"https:\/\/www.alberguecofradiadelsanto.com\/en\/wp-json\/wp\/v2\/tags?post=976"}],"curies":[{"name":"wp","href":"https:\/\/api.w.org\/{rel}","templated":true}]}}