{"id":2250,"date":"2017-05-21T19:10:42","date_gmt":"2017-05-21T17:10:42","guid":{"rendered":"http:\/\/www.alberguecofradiadelsanto.com\/romeria-a-gallinero-de-rioja-2\/"},"modified":"2017-05-21T19:10:42","modified_gmt":"2017-05-21T17:10:42","slug":"romeria-a-gallinero-de-rioja-2","status":"publish","type":"post","link":"https:\/\/www.alberguecofradiadelsanto.com\/en\/romeria-a-gallinero-de-rioja-2\/","title":{"rendered":"ROMER\u00cdA A GALLINERO DE RIOJA"},"content":{"rendered":"<p><span style=\"color: #000000;\">Un a\u00f1o m\u00e1s la Cofrad\u00eda del Santo visita la localidad cercana de Gallinero para celebrar la fiesta del Santo junto a todos los vecinos y visitantes del pueblo.<\/span><\/p>\n<p><span style=\"color: #000000;\">Tras la misa en la iglesia parroquial se ha celebrado la procesi\u00f3n por sus calles con la imagen de Santo Domingo de la Calzada. Los danzadores han bailado sus t\u00edpicas danzas mientras se repart\u00eda chorizo, pan y vino a todos los asistentes,<\/span><\/p>\n<p><a href=\"https:\/\/www.alberguecofradiadelsanto.com\/wp-content\/uploads\/2017\/05\/RAM_7385.jpg\" data-rel=\"lightbox-image-0\" data-rl_title=\"\" data-rl_caption=\"\" title=\"\"><img loading=\"lazy\" decoding=\"async\" class=\"size-medium wp-image-2048 alignleft\" src=\"https:\/\/www.alberguecofradiadelsanto.com\/wp-content\/uploads\/2017\/05\/RAM_7385-300x200.jpg\" alt=\"\" width=\"300\" height=\"200\" srcset=\"https:\/\/www.alberguecofradiadelsanto.com\/wp-content\/uploads\/2017\/05\/RAM_7385-300x200.jpg 300w, https:\/\/www.alberguecofradiadelsanto.com\/wp-content\/uploads\/2017\/05\/RAM_7385-768x512.jpg 768w, https:\/\/www.alberguecofradiadelsanto.com\/wp-content\/uploads\/2017\/05\/RAM_7385.jpg 1024w\" sizes=\"auto, (max-width: 300px) 100vw, 300px\" \/><\/a><a href=\"https:\/\/www.alberguecofradiadelsanto.com\/wp-content\/uploads\/2017\/05\/RAM_7369.jpg\" data-rel=\"lightbox-image-1\" data-rl_title=\"\" data-rl_caption=\"\" title=\"\"><img loading=\"lazy\" decoding=\"async\" class=\"size-medium wp-image-2049 alignright\" src=\"https:\/\/www.alberguecofradiadelsanto.com\/wp-content\/uploads\/2017\/05\/RAM_7369-200x300.jpg\" alt=\"\" width=\"200\" height=\"300\" srcset=\"https:\/\/www.alberguecofradiadelsanto.com\/wp-content\/uploads\/2017\/05\/RAM_7369-200x300.jpg 200w, https:\/\/www.alberguecofradiadelsanto.com\/wp-content\/uploads\/2017\/05\/RAM_7369-768x1152.jpg 768w, https:\/\/www.alberguecofradiadelsanto.com\/wp-content\/uploads\/2017\/05\/RAM_7369.jpg 683w\" sizes=\"auto, (max-width: 200px) 100vw, 200px\" \/><\/a><\/p>","protected":false},"excerpt":{"rendered":"<p>Un a\u00f1o m\u00e1s la Cofrad\u00eda del Santo visita la localidad cercana de Gallinero para celebrar la fiesta del Santo junto a todos los vecinos y visitantes del pueblo. Tras la misa en la iglesia parroquial se ha celebrado la procesi\u00f3n por sus calles con la imagen de Santo Domingo de la Calzada. Los danzadores han [&hellip;]<\/p>\n","protected":false},"author":2,"featured_media":0,"comment_status":"open","ping_status":"closed","sticky":false,"template":"","format":"standard","meta":{"footnotes":""},"categories":[1],"tags":[],"class_list":["post-2250","post","type-post","status-publish","format-standard","hentry","category-uncategorized"],"_links":{"self":[{"href":"https:\/\/www.alberguecofradiadelsanto.com\/en\/wp-json\/wp\/v2\/posts\/2250","targetHints":{"allow":["GET"]}}],"collection":[{"href":"https:\/\/www.alberguecofradiadelsanto.com\/en\/wp-json\/wp\/v2\/posts"}],"about":[{"href":"https:\/\/www.alberguecofradiadelsanto.com\/en\/wp-json\/wp\/v2\/types\/post"}],"author":[{"embeddable":true,"href":"https:\/\/www.alberguecofradiadelsanto.com\/en\/wp-json\/wp\/v2\/users\/2"}],"replies":[{"embeddable":true,"href":"https:\/\/www.alberguecofradiadelsanto.com\/en\/wp-json\/wp\/v2\/comments?post=2250"}],"version-history":[{"count":0,"href":"https:\/\/www.alberguecofradiadelsanto.com\/en\/wp-json\/wp\/v2\/posts\/2250\/revisions"}],"wp:attachment":[{"href":"https:\/\/www.alberguecofradiadelsanto.com\/en\/wp-json\/wp\/v2\/media?parent=2250"}],"wp:term":[{"taxonomy":"category","embeddable":true,"href":"https:\/\/www.alberguecofradiadelsanto.com\/en\/wp-json\/wp\/v2\/categories?post=2250"},{"taxonomy":"post_tag","embeddable":true,"href":"https:\/\/www.alberguecofradiadelsanto.com\/en\/wp-json\/wp\/v2\/tags?post=2250"}],"curies":[{"name":"wp","href":"https:\/\/api.w.org\/{rel}","templated":true}]}}