{"id":1635,"date":"2016-05-29T20:07:32","date_gmt":"2016-05-29T18:07:32","guid":{"rendered":"http:\/\/www.alberguecofradiadelsanto.com\/?p=1635"},"modified":"2016-05-29T20:13:31","modified_gmt":"2016-05-29T18:13:31","slug":"la-cofradia-celebra-el-corpus","status":"publish","type":"post","link":"https:\/\/www.alberguecofradiadelsanto.com\/en\/la-cofradia-celebra-el-corpus\/","title":{"rendered":"LA COFRAD\u00cdA CELEBRA EL CORPUS"},"content":{"rendered":"<p><span style=\"color: #000000;\">Hoy se ha celebrado por todo lo alto en Santo Domingo de la Calzada el d\u00eda del Corpus Christi. <\/span><\/p>\n<p><span style=\"color: #000000;\">Desde primera hora la Cofrad\u00eda del Santo ha estado confeccionando la alfombra de flores con la que ha obsequiado al Sant\u00edsimo a su paso por su sede. El trabajo de los cofrades se ha visto gratificado con la belleza, una vez terminado, del mosaico floral.<\/span><\/p>\n<p><a href=\"https:\/\/www.alberguecofradiadelsanto.com\/wp-content\/uploads\/2016\/05\/DSC00251-compressed.jpg\" data-rel=\"lightbox-image-0\" data-rl_title=\"\" data-rl_caption=\"\" title=\"\"><img loading=\"lazy\" decoding=\"async\" class=\" size-medium wp-image-1637 alignleft\" src=\"https:\/\/www.alberguecofradiadelsanto.com\/wp-content\/uploads\/2016\/05\/DSC00251-compressed-300x225.jpg\" alt=\"DSC00251-compressed\" width=\"300\" height=\"225\" srcset=\"https:\/\/www.alberguecofradiadelsanto.com\/wp-content\/uploads\/2016\/05\/DSC00251-compressed-300x225.jpg 300w, https:\/\/www.alberguecofradiadelsanto.com\/wp-content\/uploads\/2016\/05\/DSC00251-compressed-1024x768.jpg 1024w\" sizes=\"auto, (max-width: 300px) 100vw, 300px\" \/><\/a><a href=\"https:\/\/www.alberguecofradiadelsanto.com\/wp-content\/uploads\/2016\/05\/DSC00252-compressed.jpg\" data-rel=\"lightbox-image-1\" data-rl_title=\"\" data-rl_caption=\"\" title=\"\"><img loading=\"lazy\" decoding=\"async\" class=\" size-medium wp-image-1638 alignright\" src=\"https:\/\/www.alberguecofradiadelsanto.com\/wp-content\/uploads\/2016\/05\/DSC00252-compressed-300x225.jpg\" alt=\"DSC00252-compressed\" width=\"300\" height=\"225\" srcset=\"https:\/\/www.alberguecofradiadelsanto.com\/wp-content\/uploads\/2016\/05\/DSC00252-compressed-300x225.jpg 300w, https:\/\/www.alberguecofradiadelsanto.com\/wp-content\/uploads\/2016\/05\/DSC00252-compressed-1024x768.jpg 1024w\" sizes=\"auto, (max-width: 300px) 100vw, 300px\" \/><\/a><a href=\"https:\/\/www.alberguecofradiadelsanto.com\/wp-content\/uploads\/2016\/05\/DSC00253-compressed.jpg\" data-rel=\"lightbox-image-2\" data-rl_title=\"\" data-rl_caption=\"\" title=\"\"><img loading=\"lazy\" decoding=\"async\" class=\" size-medium wp-image-1639 aligncenter\" src=\"https:\/\/www.alberguecofradiadelsanto.com\/wp-content\/uploads\/2016\/05\/DSC00253-compressed-300x225.jpg\" alt=\"DSC00253-compressed\" width=\"300\" height=\"225\" srcset=\"https:\/\/www.alberguecofradiadelsanto.com\/wp-content\/uploads\/2016\/05\/DSC00253-compressed-300x225.jpg 300w, https:\/\/www.alberguecofradiadelsanto.com\/wp-content\/uploads\/2016\/05\/DSC00253-compressed-1024x768.jpg 1024w\" sizes=\"auto, (max-width: 300px) 100vw, 300px\" \/><\/a><\/p>\n<p>&nbsp;<\/p>","protected":false},"excerpt":{"rendered":"<p>Hoy se ha celebrado por todo lo alto en Santo Domingo de la Calzada el d\u00eda del Corpus Christi. Desde primera hora la Cofrad\u00eda del Santo ha estado confeccionando la alfombra de flores con la que ha obsequiado al Sant\u00edsimo a su paso por su sede. El trabajo de los cofrades se ha visto gratificado [&hellip;]<\/p>\n","protected":false},"author":2,"featured_media":1636,"comment_status":"open","ping_status":"closed","sticky":false,"template":"","format":"standard","meta":{"footnotes":""},"categories":[1],"tags":[],"class_list":["post-1635","post","type-post","status-publish","format-standard","has-post-thumbnail","hentry","category-uncategorized"],"_links":{"self":[{"href":"https:\/\/www.alberguecofradiadelsanto.com\/en\/wp-json\/wp\/v2\/posts\/1635","targetHints":{"allow":["GET"]}}],"collection":[{"href":"https:\/\/www.alberguecofradiadelsanto.com\/en\/wp-json\/wp\/v2\/posts"}],"about":[{"href":"https:\/\/www.alberguecofradiadelsanto.com\/en\/wp-json\/wp\/v2\/types\/post"}],"author":[{"embeddable":true,"href":"https:\/\/www.alberguecofradiadelsanto.com\/en\/wp-json\/wp\/v2\/users\/2"}],"replies":[{"embeddable":true,"href":"https:\/\/www.alberguecofradiadelsanto.com\/en\/wp-json\/wp\/v2\/comments?post=1635"}],"version-history":[{"count":4,"href":"https:\/\/www.alberguecofradiadelsanto.com\/en\/wp-json\/wp\/v2\/posts\/1635\/revisions"}],"predecessor-version":[{"id":1643,"href":"https:\/\/www.alberguecofradiadelsanto.com\/en\/wp-json\/wp\/v2\/posts\/1635\/revisions\/1643"}],"wp:featuredmedia":[{"embeddable":true,"href":"https:\/\/www.alberguecofradiadelsanto.com\/en\/wp-json\/wp\/v2\/media\/1636"}],"wp:attachment":[{"href":"https:\/\/www.alberguecofradiadelsanto.com\/en\/wp-json\/wp\/v2\/media?parent=1635"}],"wp:term":[{"taxonomy":"category","embeddable":true,"href":"https:\/\/www.alberguecofradiadelsanto.com\/en\/wp-json\/wp\/v2\/categories?post=1635"},{"taxonomy":"post_tag","embeddable":true,"href":"https:\/\/www.alberguecofradiadelsanto.com\/en\/wp-json\/wp\/v2\/tags?post=1635"}],"curies":[{"name":"wp","href":"https:\/\/api.w.org\/{rel}","templated":true}]}}