{"id":1536,"date":"2016-05-10T22:42:00","date_gmt":"2016-05-10T20:42:00","guid":{"rendered":"http:\/\/www.alberguecofradiadelsanto.com\/?p=1536"},"modified":"2016-05-11T00:27:30","modified_gmt":"2016-05-10T22:27:30","slug":"comenzaron-las-fiestas","status":"publish","type":"post","link":"https:\/\/www.alberguecofradiadelsanto.com\/de\/comenzaron-las-fiestas\/","title":{"rendered":"COMENZARON LAS FIESTAS"},"content":{"rendered":"<p><span style=\"color: #000000;\">Esta ma\u00f1ana han comenzado nuestras queridas FIESTAS DEL SANTO. Tras el disparo del cohete la ciudad se ha llenado de alegr\u00eda. Pero ya desde primera hora de la ma\u00f1ana los Carneros del Santo paseaban por todas las calles guiados por sus pastores.<\/span><\/p>\n<div id=\"attachment_1538\" style=\"width: 310px\" class=\"wp-caption aligncenter\"><a href=\"https:\/\/www.alberguecofradiadelsanto.com\/wp-content\/uploads\/2016\/05\/fiestas-mayo-49.jpg\" data-rel=\"lightbox-image-0\" data-rl_title=\"\" data-rl_caption=\"\" title=\"\"><img loading=\"lazy\" decoding=\"async\" aria-describedby=\"caption-attachment-1538\" class=\"wp-image-1538 size-medium\" src=\"https:\/\/www.alberguecofradiadelsanto.com\/wp-content\/uploads\/2016\/05\/fiestas-mayo-49-300x200.jpg\" alt=\"fiestas-mayo (49)\" width=\"300\" height=\"200\" srcset=\"https:\/\/www.alberguecofradiadelsanto.com\/wp-content\/uploads\/2016\/05\/fiestas-mayo-49-300x200.jpg 300w, https:\/\/www.alberguecofradiadelsanto.com\/wp-content\/uploads\/2016\/05\/fiestas-mayo-49.jpg 1000w\" sizes=\"auto, (max-width: 300px) 100vw, 300px\" \/><\/a><p id=\"caption-attachment-1538\" class=\"wp-caption-text\"><span style=\"color: #000000;\">Desfile de carneros<\/span><\/p><\/div>\n<p><span style=\"color: #000000;\">Por la tarde la Procesi\u00f3n de los Ramos recuerda como tras la muerte de Santo Domingo su tumba, bajo el suelo del Camino, fue rodeada de ramas de encina para protegerla de la profanaci\u00f3n de animales. As\u00ed todav\u00eda se sigue rodeando de las mismas ramas del tan t\u00edpico \u00e1rbol de esta zona.<\/span><\/p>\n<div id=\"attachment_1539\" style=\"width: 310px\" class=\"wp-caption alignleft\"><a href=\"https:\/\/www.alberguecofradiadelsanto.com\/wp-content\/uploads\/2016\/05\/DSC00147-compressed.jpg\" data-rel=\"lightbox-image-1\" data-rl_title=\"\" data-rl_caption=\"\" title=\"\"><img loading=\"lazy\" decoding=\"async\" aria-describedby=\"caption-attachment-1539\" class=\"wp-image-1539 size-medium\" src=\"https:\/\/www.alberguecofradiadelsanto.com\/wp-content\/uploads\/2016\/05\/DSC00147-compressed-300x225.jpg\" alt=\"DSC00147-compressed\" width=\"300\" height=\"225\" srcset=\"https:\/\/www.alberguecofradiadelsanto.com\/wp-content\/uploads\/2016\/05\/DSC00147-compressed-300x225.jpg 300w, https:\/\/www.alberguecofradiadelsanto.com\/wp-content\/uploads\/2016\/05\/DSC00147-compressed-1024x768.jpg 1024w\" sizes=\"auto, (max-width: 300px) 100vw, 300px\" \/><\/a><p id=\"caption-attachment-1539\" class=\"wp-caption-text\"><span style=\"color: #000000;\">Procesi\u00f3n de los Ramos<\/span><\/p><\/div>\n<div id=\"attachment_1540\" style=\"width: 310px\" class=\"wp-caption alignright\"><a href=\"https:\/\/www.alberguecofradiadelsanto.com\/wp-content\/uploads\/2016\/05\/fiestas-mayo-29.jpg\" data-rel=\"lightbox-image-2\" data-rl_title=\"\" data-rl_caption=\"\" title=\"\"><img loading=\"lazy\" decoding=\"async\" aria-describedby=\"caption-attachment-1540\" class=\"wp-image-1540 size-medium\" src=\"https:\/\/www.alberguecofradiadelsanto.com\/wp-content\/uploads\/2016\/05\/fiestas-mayo-29-300x200.jpg\" alt=\"fiestas-mayo (29)\" width=\"300\" height=\"200\" srcset=\"https:\/\/www.alberguecofradiadelsanto.com\/wp-content\/uploads\/2016\/05\/fiestas-mayo-29-300x200.jpg 300w, https:\/\/www.alberguecofradiadelsanto.com\/wp-content\/uploads\/2016\/05\/fiestas-mayo-29.jpg 1000w\" sizes=\"auto, (max-width: 300px) 100vw, 300px\" \/><\/a><p id=\"caption-attachment-1540\" class=\"wp-caption-text\"><span style=\"color: #000000;\">Colocaci\u00f3n de los ramos en el sepulcro del Santo<\/span><\/p><\/div>\n<p>&nbsp;<\/p>\n<p>&nbsp;<\/p>\n<p>&nbsp;<\/p>\n<p>&nbsp;<\/p>\n<p>&nbsp;<\/p>\n<p>&nbsp;<\/p>\n<p>&nbsp;<\/p>\n<p><span style=\"color: #000000;\">A continuaci\u00f3n en la panader\u00eda se ha procedido al recuento\u00a0y pesaje de las hogazas de pan con el que durante todas las fiestas de acompa\u00f1ar\u00e1n las distintas degustaciones de cebolleta, \u00a0garbanzos y queso.<\/span><\/p>\n<div id=\"attachment_1541\" style=\"width: 310px\" class=\"wp-caption alignleft\"><a href=\"https:\/\/www.alberguecofradiadelsanto.com\/wp-content\/uploads\/2016\/05\/fiestas-mayo-32.jpg\" data-rel=\"lightbox-image-3\" data-rl_title=\"\" data-rl_caption=\"\" title=\"\"><img loading=\"lazy\" decoding=\"async\" aria-describedby=\"caption-attachment-1541\" class=\"wp-image-1541 size-medium\" src=\"https:\/\/www.alberguecofradiadelsanto.com\/wp-content\/uploads\/2016\/05\/fiestas-mayo-32-300x200.jpg\" alt=\"fiestas-mayo (32)\" width=\"300\" height=\"200\" srcset=\"https:\/\/www.alberguecofradiadelsanto.com\/wp-content\/uploads\/2016\/05\/fiestas-mayo-32-300x200.jpg 300w, https:\/\/www.alberguecofradiadelsanto.com\/wp-content\/uploads\/2016\/05\/fiestas-mayo-32.jpg 1000w\" sizes=\"auto, (max-width: 300px) 100vw, 300px\" \/><\/a><p id=\"caption-attachment-1541\" class=\"wp-caption-text\"><span style=\"color: #000000;\">Pesaje de las hogazas<\/span><\/p><\/div>\n<div id=\"attachment_1542\" style=\"width: 310px\" class=\"wp-caption alignright\"><a href=\"https:\/\/www.alberguecofradiadelsanto.com\/wp-content\/uploads\/2016\/05\/DSC00152-compressed.jpg\" data-rel=\"lightbox-image-4\" data-rl_title=\"\" data-rl_caption=\"\" title=\"\"><img loading=\"lazy\" decoding=\"async\" aria-describedby=\"caption-attachment-1542\" class=\"wp-image-1542 size-medium\" src=\"https:\/\/www.alberguecofradiadelsanto.com\/wp-content\/uploads\/2016\/05\/DSC00152-compressed-300x225.jpg\" alt=\"DSC00152-compressed\" width=\"300\" height=\"225\" srcset=\"https:\/\/www.alberguecofradiadelsanto.com\/wp-content\/uploads\/2016\/05\/DSC00152-compressed-300x225.jpg 300w, https:\/\/www.alberguecofradiadelsanto.com\/wp-content\/uploads\/2016\/05\/DSC00152-compressed-1024x768.jpg 1024w\" sizes=\"auto, (max-width: 300px) 100vw, 300px\" \/><\/a><p id=\"caption-attachment-1542\" class=\"wp-caption-text\"><span style=\"color: #000000;\">Regreso a la Casa de la Cofrad\u00eda con las hogazas<\/span><\/p><\/div>\n<p>&nbsp;<\/p>\n<p>&nbsp;<\/p>\n<p>&nbsp;<\/p>\n<p>&nbsp;<\/p>\n<p>&nbsp;<\/p>\n<p>&nbsp;<\/p>\n<p>&nbsp;<\/p>\n<p><span style=\"color: #000000;\">Pero el acto principal de hoy ha sido la Procesi\u00f3n de las Prioras. Vestidas de negro portan sobre su cabeza un cesta\u00f1o blanco con el Pan del Santo, s\u00edmbolo de la caridad de nuestro Patrono.<\/span><\/p>\n<div id=\"attachment_1545\" style=\"width: 310px\" class=\"wp-caption alignleft\"><a href=\"https:\/\/www.alberguecofradiadelsanto.com\/wp-content\/uploads\/2016\/05\/DSC00153-compressed-1.jpg\" data-rel=\"lightbox-image-5\" data-rl_title=\"\" data-rl_caption=\"\" title=\"\"><img loading=\"lazy\" decoding=\"async\" aria-describedby=\"caption-attachment-1545\" class=\"wp-image-1545 size-medium\" src=\"https:\/\/www.alberguecofradiadelsanto.com\/wp-content\/uploads\/2016\/05\/DSC00153-compressed-1-300x225.jpg\" alt=\"DSC00153-compressed (1)\" width=\"300\" height=\"225\" srcset=\"https:\/\/www.alberguecofradiadelsanto.com\/wp-content\/uploads\/2016\/05\/DSC00153-compressed-1-300x225.jpg 300w, https:\/\/www.alberguecofradiadelsanto.com\/wp-content\/uploads\/2016\/05\/DSC00153-compressed-1-1024x768.jpg 1024w\" sizes=\"auto, (max-width: 300px) 100vw, 300px\" \/><\/a><p id=\"caption-attachment-1545\" class=\"wp-caption-text\"><span style=\"color: #000000;\">Salida de las Prioras<\/span><\/p><\/div>\n<div id=\"attachment_1547\" style=\"width: 310px\" class=\"wp-caption alignright\"><a href=\"https:\/\/www.alberguecofradiadelsanto.com\/wp-content\/uploads\/2016\/05\/DSC00158-compressed.jpg\" data-rel=\"lightbox-image-6\" data-rl_title=\"\" data-rl_caption=\"\" title=\"\"><img loading=\"lazy\" decoding=\"async\" aria-describedby=\"caption-attachment-1547\" class=\"wp-image-1547 size-medium\" src=\"https:\/\/www.alberguecofradiadelsanto.com\/wp-content\/uploads\/2016\/05\/DSC00158-compressed-300x225.jpg\" alt=\"DSC00158-compressed\" width=\"300\" height=\"225\" srcset=\"https:\/\/www.alberguecofradiadelsanto.com\/wp-content\/uploads\/2016\/05\/DSC00158-compressed-300x225.jpg 300w, https:\/\/www.alberguecofradiadelsanto.com\/wp-content\/uploads\/2016\/05\/DSC00158-compressed-1024x768.jpg 1024w\" sizes=\"auto, (max-width: 300px) 100vw, 300px\" \/><\/a><p id=\"caption-attachment-1547\" class=\"wp-caption-text\"><span style=\"color: #000000;\">Procesi\u00f3n de las Prioras<\/span><\/p><\/div>","protected":false},"excerpt":{"rendered":"<p>Esta ma\u00f1ana han comenzado nuestras queridas FIESTAS DEL SANTO. Tras el disparo del cohete la ciudad se ha llenado de alegr\u00eda. Pero ya desde primera hora de la ma\u00f1ana los Carneros del Santo paseaban por todas las calles guiados por sus pastores. Por la tarde la Procesi\u00f3n de los Ramos recuerda como tras la muerte [&hellip;]<\/p>\n","protected":false},"author":2,"featured_media":1537,"comment_status":"open","ping_status":"closed","sticky":false,"template":"","format":"standard","meta":{"footnotes":""},"categories":[1],"tags":[],"class_list":["post-1536","post","type-post","status-publish","format-standard","has-post-thumbnail","hentry","category-uncategorized"],"_links":{"self":[{"href":"https:\/\/www.alberguecofradiadelsanto.com\/de\/wp-json\/wp\/v2\/posts\/1536","targetHints":{"allow":["GET"]}}],"collection":[{"href":"https:\/\/www.alberguecofradiadelsanto.com\/de\/wp-json\/wp\/v2\/posts"}],"about":[{"href":"https:\/\/www.alberguecofradiadelsanto.com\/de\/wp-json\/wp\/v2\/types\/post"}],"author":[{"embeddable":true,"href":"https:\/\/www.alberguecofradiadelsanto.com\/de\/wp-json\/wp\/v2\/users\/2"}],"replies":[{"embeddable":true,"href":"https:\/\/www.alberguecofradiadelsanto.com\/de\/wp-json\/wp\/v2\/comments?post=1536"}],"version-history":[{"count":7,"href":"https:\/\/www.alberguecofradiadelsanto.com\/de\/wp-json\/wp\/v2\/posts\/1536\/revisions"}],"predecessor-version":[{"id":1554,"href":"https:\/\/www.alberguecofradiadelsanto.com\/de\/wp-json\/wp\/v2\/posts\/1536\/revisions\/1554"}],"wp:featuredmedia":[{"embeddable":true,"href":"https:\/\/www.alberguecofradiadelsanto.com\/de\/wp-json\/wp\/v2\/media\/1537"}],"wp:attachment":[{"href":"https:\/\/www.alberguecofradiadelsanto.com\/de\/wp-json\/wp\/v2\/media?parent=1536"}],"wp:term":[{"taxonomy":"category","embeddable":true,"href":"https:\/\/www.alberguecofradiadelsanto.com\/de\/wp-json\/wp\/v2\/categories?post=1536"},{"taxonomy":"post_tag","embeddable":true,"href":"https:\/\/www.alberguecofradiadelsanto.com\/de\/wp-json\/wp\/v2\/tags?post=1536"}],"curies":[{"name":"wp","href":"https:\/\/api.w.org\/{rel}","templated":true}]}}